{"id":1799,"date":"2016-09-21T17:02:27","date_gmt":"2016-09-21T11:02:27","guid":{"rendered":"http:\/\/bisbalpenedes.com\/web\/?p=1799"},"modified":"2016-09-21T17:02:44","modified_gmt":"2016-09-21T11:02:44","slug":"talnlers-de-memoria-cognitiva","status":"publish","type":"post","link":"https:\/\/bisbalpenedes.com\/web\/2016\/09\/21\/talnlers-de-memoria-cognitiva\/","title":{"rendered":"Tallers de mem\u00f2ria cognitiva"},"content":{"rendered":"<p>Tallers de Mem\u00f2ria Cognitiva al CMC tots els dijous a c\u00e0rrec de Yolanda Almagro (professora de psicologia a la Universitat Rovira i Virgili i a la UOC)<br \/>\nUns tallers per a millorar i desenvolupar la mem\u00f2ria, la concentraci\u00f3, l\u2019estimulaci\u00f3 cognitiva i l\u2019agilitat mental per tal de millorar la qualitat de vida, mantenir la capacitat funcional i potenciar l\u2019autonomia disminuint els d\u00e8ficits de mem\u00f2ria que apareixen amb l\u2019edat<br \/>\nPer apuntar-se, a les oficines municipals abans de l&#8217;1 d&#8217;octubre. Preu per trimestre 15\u20ac<br \/>\n<a href=\"http:\/\/bisbalpenedes.com\/web\/wp-content\/uploads\/2016\/09\/CURSMEMORIACOGNITIVA2016b.jpg\"><img loading=\"lazy\" src=\"http:\/\/bisbalpenedes.com\/web\/wp-content\/uploads\/2016\/09\/CURSMEMORIACOGNITIVA2016b-723x1024.jpg\" alt=\"\" title=\"CURSMEMORIACOGNITIVA2016b\" width=\"630\" height=\"892\" class=\"alignleft size-large wp-image-1800\" srcset=\"https:\/\/bisbalpenedes.com\/web\/wp-content\/uploads\/2016\/09\/CURSMEMORIACOGNITIVA2016b-723x1024.jpg 723w, https:\/\/bisbalpenedes.com\/web\/wp-content\/uploads\/2016\/09\/CURSMEMORIACOGNITIVA2016b-600x849.jpg 600w, https:\/\/bisbalpenedes.com\/web\/wp-content\/uploads\/2016\/09\/CURSMEMORIACOGNITIVA2016b-212x300.jpg 212w, https:\/\/bisbalpenedes.com\/web\/wp-content\/uploads\/2016\/09\/CURSMEMORIACOGNITIVA2016b.jpg 842w\" sizes=\"(max-width: 630px) 100vw, 630px\" \/><\/a><\/p>\n","protected":false},"excerpt":{"rendered":"<p>Tallers de Mem\u00f2ria Cognitiva al CMC tots els dijous a c\u00e0rrec de Yolanda Almagro (professora de psicologia a la Universitat Rovira i Virgili i a la UOC) Uns tallers per &hellip; <a href=\"https:\/\/bisbalpenedes.com\/web\/2016\/09\/21\/talnlers-de-memoria-cognitiva\/\" class=\"more-link\">Read More<\/a><\/p>\n","protected":false},"author":1,"featured_media":1800,"comment_status":"closed","ping_status":"closed","sticky":false,"template":"","format":"standard","meta":[],"categories":[5],"tags":[],"_links":{"self":[{"href":"https:\/\/bisbalpenedes.com\/web\/wp-json\/wp\/v2\/posts\/1799"}],"collection":[{"href":"https:\/\/bisbalpenedes.com\/web\/wp-json\/wp\/v2\/posts"}],"about":[{"href":"https:\/\/bisbalpenedes.com\/web\/wp-json\/wp\/v2\/types\/post"}],"author":[{"embeddable":true,"href":"https:\/\/bisbalpenedes.com\/web\/wp-json\/wp\/v2\/users\/1"}],"replies":[{"embeddable":true,"href":"https:\/\/bisbalpenedes.com\/web\/wp-json\/wp\/v2\/comments?post=1799"}],"version-history":[{"count":2,"href":"https:\/\/bisbalpenedes.com\/web\/wp-json\/wp\/v2\/posts\/1799\/revisions"}],"predecessor-version":[{"id":1802,"href":"https:\/\/bisbalpenedes.com\/web\/wp-json\/wp\/v2\/posts\/1799\/revisions\/1802"}],"wp:featuredmedia":[{"embeddable":true,"href":"https:\/\/bisbalpenedes.com\/web\/wp-json\/wp\/v2\/media\/1800"}],"wp:attachment":[{"href":"https:\/\/bisbalpenedes.com\/web\/wp-json\/wp\/v2\/media?parent=1799"}],"wp:term":[{"taxonomy":"category","embeddable":true,"href":"https:\/\/bisbalpenedes.com\/web\/wp-json\/wp\/v2\/categories?post=1799"},{"taxonomy":"post_tag","embeddable":true,"href":"https:\/\/bisbalpenedes.com\/web\/wp-json\/wp\/v2\/tags?post=1799"}],"curies":[{"name":"wp","href":"https:\/\/api.w.org\/{rel}","templated":true}]}}