{"id":17883,"date":"2021-05-25T08:07:35","date_gmt":"2021-05-25T06:07:35","guid":{"rendered":"https:\/\/bisbalpenedes.com\/web\/?p=17883"},"modified":"2021-06-29T10:59:21","modified_gmt":"2021-06-29T08:59:21","slug":"punt-de-lordre-del-dia-de-la-junta-de-govern-local-del-24-05-21-amb-competencies-delegades-del-ple","status":"publish","type":"post","link":"https:\/\/bisbalpenedes.com\/web\/2021\/05\/25\/punt-de-lordre-del-dia-de-la-junta-de-govern-local-del-24-05-21-amb-competencies-delegades-del-ple\/","title":{"rendered":"Punt de l\u2019Ordre del dia de la Junta de Govern local del 24\/05\/21 amb compet\u00e8ncies delegades del Ple"},"content":{"rendered":"\n<figure class=\"wp-block-embed is-type-video is-provider-youtube wp-block-embed-youtube wp-embed-aspect-16-9 wp-has-aspect-ratio\"><div class=\"wp-block-embed__wrapper\">\n<iframe loading=\"lazy\" title=\"Punt de l&#039;Ordre del dia de la Junta de Govern del 24\/05\/21 amb compet\u00e8ncies delegades del Ple\" width=\"1170\" height=\"658\" src=\"https:\/\/www.youtube.com\/embed\/wkJQv0hBrYU?feature=oembed\" frameborder=\"0\" allow=\"accelerometer; autoplay; clipboard-write; encrypted-media; gyroscope; picture-in-picture\" allowfullscreen><\/iframe>\n<\/div><\/figure>\n\n\n\n<p>La Junta de Govern del dilluns 24 de maig inclo\u00efa &#8211; i va aprovar- aquest punt amb Compet\u00e8ncies delegades del Ple:<\/p>\n\n\n\n<blockquote class=\"wp-block-quote\"><p><br>Expedient 819\/2021 Reversi\u00f3 de b\u00e9ns per la finalitzaci\u00f3 del contracte de concessi\u00f3 del servei de recollida de residus.<\/p><\/blockquote>\n\n\n\n<p><br>Les sessions de la Junta de Govern Local no s\u00f3n p\u00fabliques, per\u00f2 quan s\u2019actua amb compet\u00e8ncies delegades del Ple, la sessi\u00f3 se sotmet als mateixos requisits de publicitat que les sessions del Ple, que s\u00ed que s\u00f3n p\u00fabliques. Aix\u00ed ho va declarar la STS 161\/2013, de 26 de setembre. Tenint en compte les mesures preses per evitar la propagaci\u00f3 de la COVID-19, aquest punt de l\u2019ordre del dia de la Junta de Govern Local no s\u2019ha votat amb p\u00fablic, sin\u00f3 que s\u2019ha gravat en v\u00eddeo i ara el publiquem per poder garantir aix\u00ed la seva publicitat. Per tot plegat, els regidors i regidores de l\u2019oposici\u00f3 \u2013que no formen part de la Junta de Govern local- van rebre la informaci\u00f3 sobre la proposta a la seva b\u00fastia de correu electr\u00f2nic.<\/p>\n\n\n\n<hr class=\"wp-block-separator is-style-wide\"\/>\n\n\n\n<p>La Junta de Gobierno del lunes 24 de mayo inclu\u00eda &#8211; y aprob\u00f3-este punto con competencias delegadas del Pleno:<\/p>\n\n\n\n<blockquote class=\"wp-block-quote\"><p><br>Expediente 819\/2021 Reversi\u00f3n de bienes para la finalizaci\u00f3n del contrato de concesi\u00f3n del servicio de recogida de residuos.<\/p><\/blockquote>\n\n\n\n<p><br>Las sesiones de la Junta de Gobierno Local no son p\u00fablicas, pero cuando se act\u00faa con competencias delegadas del Pleno, la sesi\u00f3n se somete a los mismos requisitos de publicidad que las sesiones del Pleno, que s\u00ed que son p\u00fablicas. As\u00ed lo declar\u00f3 la STS 161\/2013, de 26 de septiembre. Teniendo en cuenta las medidas tomadas para evitar la propagaci\u00f3n de la COVID-19, este puntosdel orden del d\u00eda de la Junta de Gobierno Local no se ha votado con p\u00fablico, sino que se ha grabado en v\u00eddeo y ahora lo publicamos para poder garantizar as\u00ed su publicidad. Por todo ello, los concejales y concejalas de la oposici\u00f3n -que no forman parte de la Junta de Gobierno local- recibieron la informaci\u00f3n sobre la propuesta en su buz\u00f3n de correo electr\u00f3nico.<\/p>\n\n\n\n<p><br><\/p>\n","protected":false},"excerpt":{"rendered":"<p>La Junta de Govern del dilluns 24 de maig inclo\u00efa &#8211; i va aprovar- aquest punt amb Compet\u00e8ncies delegades del Ple: Expedient 819\/2021 Reversi\u00f3 de b\u00e9ns per la finalitzaci\u00f3 del &hellip; <a href=\"https:\/\/bisbalpenedes.com\/web\/2021\/05\/25\/punt-de-lordre-del-dia-de-la-junta-de-govern-local-del-24-05-21-amb-competencies-delegades-del-ple\/\" class=\"more-link\">Read More<\/a><\/p>\n","protected":false},"author":4,"featured_media":17884,"comment_status":"closed","ping_status":"closed","sticky":false,"template":"","format":"standard","meta":[],"categories":[3215,3085,8],"tags":[2519,4175,1479,393,3779],"_links":{"self":[{"href":"https:\/\/bisbalpenedes.com\/web\/wp-json\/wp\/v2\/posts\/17883"}],"collection":[{"href":"https:\/\/bisbalpenedes.com\/web\/wp-json\/wp\/v2\/posts"}],"about":[{"href":"https:\/\/bisbalpenedes.com\/web\/wp-json\/wp\/v2\/types\/post"}],"author":[{"embeddable":true,"href":"https:\/\/bisbalpenedes.com\/web\/wp-json\/wp\/v2\/users\/4"}],"replies":[{"embeddable":true,"href":"https:\/\/bisbalpenedes.com\/web\/wp-json\/wp\/v2\/comments?post=17883"}],"version-history":[{"count":3,"href":"https:\/\/bisbalpenedes.com\/web\/wp-json\/wp\/v2\/posts\/17883\/revisions"}],"predecessor-version":[{"id":18324,"href":"https:\/\/bisbalpenedes.com\/web\/wp-json\/wp\/v2\/posts\/17883\/revisions\/18324"}],"wp:featuredmedia":[{"embeddable":true,"href":"https:\/\/bisbalpenedes.com\/web\/wp-json\/wp\/v2\/media\/17884"}],"wp:attachment":[{"href":"https:\/\/bisbalpenedes.com\/web\/wp-json\/wp\/v2\/media?parent=17883"}],"wp:term":[{"taxonomy":"category","embeddable":true,"href":"https:\/\/bisbalpenedes.com\/web\/wp-json\/wp\/v2\/categories?post=17883"},{"taxonomy":"post_tag","embeddable":true,"href":"https:\/\/bisbalpenedes.com\/web\/wp-json\/wp\/v2\/tags?post=17883"}],"curies":[{"name":"wp","href":"https:\/\/api.w.org\/{rel}","templated":true}]}}