{"id":17879,"date":"2021-05-25T07:21:51","date_gmt":"2021-05-25T05:21:51","guid":{"rendered":"https:\/\/bisbalpenedes.com\/web\/?p=17879"},"modified":"2021-05-25T07:21:51","modified_gmt":"2021-05-25T05:21:51","slug":"el-supermercat-aliprox-de-la-bisbal-del-penedes-ha-fet-una-donacio-de-15-caixes-de-galetes-per-al-rebost-solidari","status":"publish","type":"post","link":"https:\/\/bisbalpenedes.com\/web\/2021\/05\/25\/el-supermercat-aliprox-de-la-bisbal-del-penedes-ha-fet-una-donacio-de-15-caixes-de-galetes-per-al-rebost-solidari\/","title":{"rendered":"El Supermercat Aliprox de la Bisbal del Pened\u00e8s ha fet una donaci\u00f3 de 15 caixes de galetes per al Rebost Solidari"},"content":{"rendered":"\n<p>El Supermercat Aliprox de la Bisbal del Pened\u00e8s ha fet una donaci\u00f3 de 15 caixes de galetes al Rebost Solidari perqu\u00e8 l&#8217;Ajuntament de la Bisbal del Pened\u00e8s les pugui repartir entre les fam\u00edlies usu\u00e0ries del servei. Des de l&#8217;Ajuntament agra\u00efm aquesta col\u00b7laboraci\u00f3.<\/p>\n\n\n\n<p>A la fotografia, la segona tinenta d&#8217;alcaldia, Leo Uceda, amb les treballadores del supermercat bisbalenc.<\/p>\n\n\n\n<hr class=\"wp-block-separator is-style-wide\"\/>\n\n\n\n<p>El Supermercado Aliprox de la Bisbal del Pened\u00e8s ha hecho una donaci\u00f3n de 15 cajas de galletas al Rebost Solidari para que el Ayuntamiento de La Bisbal del Pened\u00e8s las pueda repartir entre las familias usuarias del servicio. Dessde el Ayuntamiento agradecemos esta colaboraci\u00f3n.<\/p>\n\n\n\n<p>En la fotograf\u00eda, la segunda teniente de alcald\u00eda, Leo Uceda, con unas trabajadoras del supermercado bisbalense.<\/p>\n\n\n\n<figure class=\"wp-block-image size-large\"><img loading=\"lazy\" width=\"768\" height=\"1024\" src=\"https:\/\/bisbalpenedes.com\/web\/wp-content\/uploads\/2021\/05\/IMG-20210521-WA0045-768x1024.jpg\" alt=\"\" class=\"wp-image-17880\" srcset=\"https:\/\/bisbalpenedes.com\/web\/wp-content\/uploads\/2021\/05\/IMG-20210521-WA0045-768x1024.jpg 768w, https:\/\/bisbalpenedes.com\/web\/wp-content\/uploads\/2021\/05\/IMG-20210521-WA0045-600x800.jpg 600w, https:\/\/bisbalpenedes.com\/web\/wp-content\/uploads\/2021\/05\/IMG-20210521-WA0045-225x300.jpg 225w, https:\/\/bisbalpenedes.com\/web\/wp-content\/uploads\/2021\/05\/IMG-20210521-WA0045-1152x1536.jpg 1152w, https:\/\/bisbalpenedes.com\/web\/wp-content\/uploads\/2021\/05\/IMG-20210521-WA0045.jpg 1200w\" sizes=\"(max-width: 768px) 100vw, 768px\" \/><\/figure>\n","protected":false},"excerpt":{"rendered":"<p>El Supermercat Aliprox de la Bisbal del Pened\u00e8s ha fet una donaci\u00f3 de 15 caixes de galetes al Rebost Solidari perqu\u00e8 l&#8217;Ajuntament de la Bisbal del Pened\u00e8s les pugui repartir &hellip; <a href=\"https:\/\/bisbalpenedes.com\/web\/2021\/05\/25\/el-supermercat-aliprox-de-la-bisbal-del-penedes-ha-fet-una-donacio-de-15-caixes-de-galetes-per-al-rebost-solidari\/\" class=\"more-link\">Read More<\/a><\/p>\n","protected":false},"author":4,"featured_media":17881,"comment_status":"closed","ping_status":"closed","sticky":false,"template":"","format":"standard","meta":[],"categories":[3851,8],"tags":[1836,3377,4523,3141,393,2644,373],"_links":{"self":[{"href":"https:\/\/bisbalpenedes.com\/web\/wp-json\/wp\/v2\/posts\/17879"}],"collection":[{"href":"https:\/\/bisbalpenedes.com\/web\/wp-json\/wp\/v2\/posts"}],"about":[{"href":"https:\/\/bisbalpenedes.com\/web\/wp-json\/wp\/v2\/types\/post"}],"author":[{"embeddable":true,"href":"https:\/\/bisbalpenedes.com\/web\/wp-json\/wp\/v2\/users\/4"}],"replies":[{"embeddable":true,"href":"https:\/\/bisbalpenedes.com\/web\/wp-json\/wp\/v2\/comments?post=17879"}],"version-history":[{"count":1,"href":"https:\/\/bisbalpenedes.com\/web\/wp-json\/wp\/v2\/posts\/17879\/revisions"}],"predecessor-version":[{"id":17882,"href":"https:\/\/bisbalpenedes.com\/web\/wp-json\/wp\/v2\/posts\/17879\/revisions\/17882"}],"wp:featuredmedia":[{"embeddable":true,"href":"https:\/\/bisbalpenedes.com\/web\/wp-json\/wp\/v2\/media\/17881"}],"wp:attachment":[{"href":"https:\/\/bisbalpenedes.com\/web\/wp-json\/wp\/v2\/media?parent=17879"}],"wp:term":[{"taxonomy":"category","embeddable":true,"href":"https:\/\/bisbalpenedes.com\/web\/wp-json\/wp\/v2\/categories?post=17879"},{"taxonomy":"post_tag","embeddable":true,"href":"https:\/\/bisbalpenedes.com\/web\/wp-json\/wp\/v2\/tags?post=17879"}],"curies":[{"name":"wp","href":"https:\/\/api.w.org\/{rel}","templated":true}]}}