{"id":1785,"date":"2016-09-12T18:51:43","date_gmt":"2016-09-12T12:51:43","guid":{"rendered":"http:\/\/bisbalpenedes.com\/web\/?p=1785"},"modified":"2016-09-12T18:51:43","modified_gmt":"2016-09-12T12:51:43","slug":"inauguracio-poligon-planes-baixes","status":"publish","type":"post","link":"https:\/\/bisbalpenedes.com\/web\/2016\/09\/12\/inauguracio-poligon-planes-baixes\/","title":{"rendered":"Inauguraci\u00f3 Poligon Planes Baixes"},"content":{"rendered":"<p>Aquest dijous 15 de setembre a les 12:00h tindr\u00e0 lloc la Inauguraci\u00f3 del pol\u00edgon industrial Les Planes Baixes a c\u00e0rrec del Conseller d&#8217;Empresa i Coneixement Sr. Jordi Baiget i Cantons<br \/>\n<a href=\"http:\/\/bisbalpenedes.com\/web\/wp-content\/uploads\/2016\/09\/planes_baixes_inauguracio.jpg\"><img loading=\"lazy\" src=\"http:\/\/bisbalpenedes.com\/web\/wp-content\/uploads\/2016\/09\/planes_baixes_inauguracio-723x1024.jpg\" alt=\"\" title=\"planes_baixes_inauguracio\" width=\"630\" height=\"892\" class=\"alignleft size-large wp-image-1786\" srcset=\"https:\/\/bisbalpenedes.com\/web\/wp-content\/uploads\/2016\/09\/planes_baixes_inauguracio-723x1024.jpg 723w, https:\/\/bisbalpenedes.com\/web\/wp-content\/uploads\/2016\/09\/planes_baixes_inauguracio-600x849.jpg 600w, https:\/\/bisbalpenedes.com\/web\/wp-content\/uploads\/2016\/09\/planes_baixes_inauguracio-212x300.jpg 212w, https:\/\/bisbalpenedes.com\/web\/wp-content\/uploads\/2016\/09\/planes_baixes_inauguracio.jpg 1169w\" sizes=\"(max-width: 630px) 100vw, 630px\" \/><\/a><\/p>\n","protected":false},"excerpt":{"rendered":"<p>Aquest dijous 15 de setembre a les 12:00h tindr\u00e0 lloc la Inauguraci\u00f3 del pol\u00edgon industrial Les Planes Baixes a c\u00e0rrec del Conseller d&#8217;Empresa i Coneixement Sr. Jordi Baiget i Cantons<\/p>\n","protected":false},"author":1,"featured_media":1786,"comment_status":"closed","ping_status":"closed","sticky":false,"template":"","format":"standard","meta":[],"categories":[15],"tags":[202,201,200],"_links":{"self":[{"href":"https:\/\/bisbalpenedes.com\/web\/wp-json\/wp\/v2\/posts\/1785"}],"collection":[{"href":"https:\/\/bisbalpenedes.com\/web\/wp-json\/wp\/v2\/posts"}],"about":[{"href":"https:\/\/bisbalpenedes.com\/web\/wp-json\/wp\/v2\/types\/post"}],"author":[{"embeddable":true,"href":"https:\/\/bisbalpenedes.com\/web\/wp-json\/wp\/v2\/users\/1"}],"replies":[{"embeddable":true,"href":"https:\/\/bisbalpenedes.com\/web\/wp-json\/wp\/v2\/comments?post=1785"}],"version-history":[{"count":1,"href":"https:\/\/bisbalpenedes.com\/web\/wp-json\/wp\/v2\/posts\/1785\/revisions"}],"predecessor-version":[{"id":1787,"href":"https:\/\/bisbalpenedes.com\/web\/wp-json\/wp\/v2\/posts\/1785\/revisions\/1787"}],"wp:featuredmedia":[{"embeddable":true,"href":"https:\/\/bisbalpenedes.com\/web\/wp-json\/wp\/v2\/media\/1786"}],"wp:attachment":[{"href":"https:\/\/bisbalpenedes.com\/web\/wp-json\/wp\/v2\/media?parent=1785"}],"wp:term":[{"taxonomy":"category","embeddable":true,"href":"https:\/\/bisbalpenedes.com\/web\/wp-json\/wp\/v2\/categories?post=1785"},{"taxonomy":"post_tag","embeddable":true,"href":"https:\/\/bisbalpenedes.com\/web\/wp-json\/wp\/v2\/tags?post=1785"}],"curies":[{"name":"wp","href":"https:\/\/api.w.org\/{rel}","templated":true}]}}