{"id":17821,"date":"2021-05-20T12:26:50","date_gmt":"2021-05-20T10:26:50","guid":{"rendered":"https:\/\/bisbalpenedes.com\/web\/?p=17821"},"modified":"2021-05-20T12:26:50","modified_gmt":"2021-05-20T10:26:50","slug":"els-alumnes-de-4t-deso-de-linstitut-coster-de-la-torre-netegen-lentorn-de-residus-en-el-marc-de-leuropean-clean-up-day-i-com-a-activitat-del-servei-comunitari-coorganitzada-amb-lajuntament","status":"publish","type":"post","link":"https:\/\/bisbalpenedes.com\/web\/2021\/05\/20\/els-alumnes-de-4t-deso-de-linstitut-coster-de-la-torre-netegen-lentorn-de-residus-en-el-marc-de-leuropean-clean-up-day-i-com-a-activitat-del-servei-comunitari-coorganitzada-amb-lajuntament\/","title":{"rendered":"Els alumnes de 4t d&#8217;ESO de l&#8217;Institut Coster de la Torre netegen l&#8217;entorn de residus en el marc de l&#8217;European Clean up day i com a activitat del servei comunitari coorganitzada amb l&#8217;Ajuntament"},"content":{"rendered":"\n<p>\u00a0Avui dijous 20 de maig els alumnes de 4t d\u2019ESO de l\u2019Institut Coster de la Torre han continuat netejant els residus de l\u2019entorn en el marc de l\u2019European Clean up day i com a activitat del servei comunitari coorganitzada amb l\u2019Ajuntament. Aquesta activitat s\u2019emmarca dins del conjunt d\u2019activitats de la Setmana Europea de la Prevenci\u00f3 de Residus i t\u00e9 l\u2019objectiu de conscienciar sobre la import\u00e0ncia de la prevenci\u00f3 i la bona gesti\u00f3 dels residus, alhora que permet fer pedagogia sobre tot all\u00f2 que la ciutadania pot fer per disminuir la quantitat de residus generats, potenciar la reutilitzaci\u00f3 i fomentar el reciclatge.<\/p>\n\n\n\n<hr class=\"wp-block-separator is-style-wide\"\/>\n\n\n\n<p>Hoy jueves 20 de mayo los alumnos de 4\u00ba de ESO del Institut Coster de la Torre han continuado limpiando los residuos del entorno en el marco del European Clean up day y como actividad del servicio comunitario coorganizada con el Ayuntamiento. Esta actividad se enmarca dentro del conjunto de actividades de la Semana Europea de la Prevenci\u00f3n de Residuos y tiene como objetivo concienciar sobre la importancia de la prevenci\u00f3n y la buena gesti\u00f3n de los residuos, a la vez que permite hacer pedagog\u00eda sobre todo aquello que la ciudadan\u00eda puede hacer para disminuir la cantidad de residuos generados, potenciar la reutilizaci\u00f3n y fomentar el reciclaje.<\/p>\n\n\n\n<figure class=\"wp-block-image size-large\"><img src=\"blob:https:\/\/bisbalpenedes.com\/bcbb97d6-d4b2-4587-8c6c-448b2e3ff89c\" alt=\"\"\/><\/figure>\n","protected":false},"excerpt":{"rendered":"<p>\u00a0Avui dijous 20 de maig els alumnes de 4t d\u2019ESO de l\u2019Institut Coster de la Torre han continuat netejant els residus de l\u2019entorn en el marc de l\u2019European Clean up &hellip; <a href=\"https:\/\/bisbalpenedes.com\/web\/2021\/05\/20\/els-alumnes-de-4t-deso-de-linstitut-coster-de-la-torre-netegen-lentorn-de-residus-en-el-marc-de-leuropean-clean-up-day-i-com-a-activitat-del-servei-comunitari-coorganitzada-amb-lajuntament\/\" class=\"more-link\">Read More<\/a><\/p>\n","protected":false},"author":4,"featured_media":17822,"comment_status":"closed","ping_status":"closed","sticky":false,"template":"","format":"standard","meta":[],"categories":[3456,32,8],"tags":[3004,1475,1182,4521],"_links":{"self":[{"href":"https:\/\/bisbalpenedes.com\/web\/wp-json\/wp\/v2\/posts\/17821"}],"collection":[{"href":"https:\/\/bisbalpenedes.com\/web\/wp-json\/wp\/v2\/posts"}],"about":[{"href":"https:\/\/bisbalpenedes.com\/web\/wp-json\/wp\/v2\/types\/post"}],"author":[{"embeddable":true,"href":"https:\/\/bisbalpenedes.com\/web\/wp-json\/wp\/v2\/users\/4"}],"replies":[{"embeddable":true,"href":"https:\/\/bisbalpenedes.com\/web\/wp-json\/wp\/v2\/comments?post=17821"}],"version-history":[{"count":2,"href":"https:\/\/bisbalpenedes.com\/web\/wp-json\/wp\/v2\/posts\/17821\/revisions"}],"predecessor-version":[{"id":17825,"href":"https:\/\/bisbalpenedes.com\/web\/wp-json\/wp\/v2\/posts\/17821\/revisions\/17825"}],"wp:featuredmedia":[{"embeddable":true,"href":"https:\/\/bisbalpenedes.com\/web\/wp-json\/wp\/v2\/media\/17822"}],"wp:attachment":[{"href":"https:\/\/bisbalpenedes.com\/web\/wp-json\/wp\/v2\/media?parent=17821"}],"wp:term":[{"taxonomy":"category","embeddable":true,"href":"https:\/\/bisbalpenedes.com\/web\/wp-json\/wp\/v2\/categories?post=17821"},{"taxonomy":"post_tag","embeddable":true,"href":"https:\/\/bisbalpenedes.com\/web\/wp-json\/wp\/v2\/tags?post=17821"}],"curies":[{"name":"wp","href":"https:\/\/api.w.org\/{rel}","templated":true}]}}