{"id":1778,"date":"2016-08-17T17:38:52","date_gmt":"2016-08-17T11:38:52","guid":{"rendered":"http:\/\/bisbalpenedes.com\/web\/?p=1778"},"modified":"2016-08-23T17:39:52","modified_gmt":"2016-08-23T11:39:52","slug":"projecte-destatuts-sector-industrial-les-planes","status":"publish","type":"post","link":"https:\/\/bisbalpenedes.com\/web\/2016\/08\/17\/projecte-destatuts-sector-industrial-les-planes\/","title":{"rendered":"Projecte d&#8217;Estatuts Sector industrial Les Planes"},"content":{"rendered":"<p>ANUNCI <\/p>\n<p>Aprovat inicialment el Projecte d&#8217;Estatuts que haur\u00e0 de regir la constituci\u00f3 i funcionament de la Junta de Conservaci\u00f3 del Sector industrial Les Planes Baixes d&#8217;aquest Municipi, per acord de la Junta de Govern Local de data 21 de juliol de 2016, de conformitat amb l&#8217;article 119.2 del Decret Legislatiu 1 \/ 2010, de 3 d&#8217;agost, pel qual s&#8217;aprova el Text ref\u00f3s de la Llei d&#8217;Urbanisme, se sotmet a informaci\u00f3 p\u00fablica pel termini d&#8217;un mes, a comptar de l&#8217;endem\u00e0 de publicaci\u00f3 del present anunci en aquest Butllet\u00ed Oficial de la Prov\u00edncia de Tarragona.<\/p>\n<p>ACORDS:<\/p>\n<p>Primer.- Aprovar inicialment el projecte d\u2019Estatuts que regulen la composici\u00f3 i funcionament de la propera constituci\u00f3 de la Junta de Conservaci\u00f3 de la urbanitzaci\u00f3 del sector \u201cles Planes Baixes\u201d del municipi de la Bisbal del Pened\u00e8s, en desenvolupament i de conformitat amb el planejament urban\u00edstic.<\/p>\n<p>Segon.- Sotmetre a informaci\u00f3 publica el projecte d\u2019Estatuts, en el termini d\u2019un mes , mitjan\u00e7ant en el Taulell d\u2019Edictes de l\u2019Ajuntament i en el Butllet\u00ed Oficial de la Prov\u00edncia de Tarragona, aix\u00ed com, donar audi\u00e8ncia als interessats, amb citaci\u00f3 personal, pel mateix termini com\u00fa d\u2019un mes, i tot aix\u00f2 als efectes de que puguin formular-se quantes al\u2022legacions suggerencies o reclamacions poguessin estimar-se com a pertinents.<\/p>\n<p>Tercer.- Conclosos els anteriors tr\u00e0mits, se remetre l\u2019expedient a la Junta de Govern per la seva aprovaci\u00f3 definitiva.<\/p>\n<p>Quart.- Facultar a la Sra. Alcadessa Presidenta la signatura de qualsevol documentaci\u00f3 en refer\u00e8ncia a l\u2019aprovaci\u00f3 dels Estatuts de la Junta de Conservaci\u00f3 Sector Industrial \u201cLes Planes Baixes\u201d a la Bisbal del Pened\u00e8s.<\/p>\n<p>Durant aquest termini podr\u00e0 ser examinat per qualsevol interessat en les depend\u00e8ncies municipals, a fi que pels mateixos puguin formular quantes al\u2022legacions estimin pertinents als seus drets.<\/p>\n<p>Agn\u00e8s Ferr\u00e8 Ca\u00f1ellas<br \/>\nL\u2019Alcaldessa<\/p>\n<p>La Bisbal del Pened\u00e8s, 22 de juliol de 2016<\/p>\n","protected":false},"excerpt":{"rendered":"<p>ANUNCI Aprovat inicialment el Projecte d&#8217;Estatuts que haur\u00e0 de regir la constituci\u00f3 i funcionament de la Junta de Conservaci\u00f3 del Sector industrial Les Planes Baixes d&#8217;aquest Municipi, per acord de &hellip; <a href=\"https:\/\/bisbalpenedes.com\/web\/2016\/08\/17\/projecte-destatuts-sector-industrial-les-planes\/\" class=\"more-link\">Read More<\/a><\/p>\n","protected":false},"author":1,"featured_media":1662,"comment_status":"closed","ping_status":"closed","sticky":false,"template":"","format":"standard","meta":[],"categories":[15],"tags":[199],"_links":{"self":[{"href":"https:\/\/bisbalpenedes.com\/web\/wp-json\/wp\/v2\/posts\/1778"}],"collection":[{"href":"https:\/\/bisbalpenedes.com\/web\/wp-json\/wp\/v2\/posts"}],"about":[{"href":"https:\/\/bisbalpenedes.com\/web\/wp-json\/wp\/v2\/types\/post"}],"author":[{"embeddable":true,"href":"https:\/\/bisbalpenedes.com\/web\/wp-json\/wp\/v2\/users\/1"}],"replies":[{"embeddable":true,"href":"https:\/\/bisbalpenedes.com\/web\/wp-json\/wp\/v2\/comments?post=1778"}],"version-history":[{"count":2,"href":"https:\/\/bisbalpenedes.com\/web\/wp-json\/wp\/v2\/posts\/1778\/revisions"}],"predecessor-version":[{"id":1780,"href":"https:\/\/bisbalpenedes.com\/web\/wp-json\/wp\/v2\/posts\/1778\/revisions\/1780"}],"wp:featuredmedia":[{"embeddable":true,"href":"https:\/\/bisbalpenedes.com\/web\/wp-json\/wp\/v2\/media\/1662"}],"wp:attachment":[{"href":"https:\/\/bisbalpenedes.com\/web\/wp-json\/wp\/v2\/media?parent=1778"}],"wp:term":[{"taxonomy":"category","embeddable":true,"href":"https:\/\/bisbalpenedes.com\/web\/wp-json\/wp\/v2\/categories?post=1778"},{"taxonomy":"post_tag","embeddable":true,"href":"https:\/\/bisbalpenedes.com\/web\/wp-json\/wp\/v2\/tags?post=1778"}],"curies":[{"name":"wp","href":"https:\/\/api.w.org\/{rel}","templated":true}]}}