{"id":17761,"date":"2021-05-17T10:15:00","date_gmt":"2021-05-17T08:15:00","guid":{"rendered":"https:\/\/bisbalpenedes.com\/web\/?p=17761"},"modified":"2021-05-17T10:32:13","modified_gmt":"2021-05-17T08:32:13","slug":"el-cmc-oferira-una-xerrada-sobre-salvador-dali-el-dissabte-22-de-maig-a-les-18h","status":"publish","type":"post","link":"https:\/\/bisbalpenedes.com\/web\/2021\/05\/17\/el-cmc-oferira-una-xerrada-sobre-salvador-dali-el-dissabte-22-de-maig-a-les-18h\/","title":{"rendered":"El CMC acollir\u00e0 una xerrada sobre Salvador Dal\u00ed el dissabte 22 de maig a les 18h"},"content":{"rendered":"\n<p>El Centre Municipal de Cultura de la Bisbal del Pened\u00e8s acollir\u00e0 una xerrada sobre el pintor i escultor Salvador Dal\u00ed, un dels principals representants del surrealisme, el proper dissabte 22 de maig a les 18h.<\/p>\n\n\n\n<p>La confer\u00e8ncia anir\u00e0 a c\u00e0rrec d\u2019Anna Pou van den Bossche, historiadora de l\u2019art amb una \u00e0mplia experi\u00e8ncia professional en el m\u00f3n de la divulgaci\u00f3 i actualitat en l\u2019\u00e0mbit de l\u2019art. \u00c9s la presentadora de la secci\u00f3 d\u2019art del programa \u00c0RTIC (Betev\u00e9) des de l\u2019any 2014 i treballa en el disseny de continguts del programa TOT ART de la mateixa cadena. A m\u00e9s, ha estat responsable de la creaci\u00f3 dels continguts art\u00edstics del programa THIS IS ART de Brutal Media Produccions i \u00e9s col\u00b7laboradora regular a Catalunya R\u00e0dio (Estat de Gr\u00e0cia) i a RAC1 (Versi\u00f3 RAC1) com a especialista en temes art\u00edstics. A m\u00e9s, t\u00e9 una dilatada experi\u00e8ncia com a docent i investigadora i, des de l\u2019any 2019, \u00e9s directora art\u00edstica del Centre d\u2019Arts Digitals IDEAL, sent la curadora de la primera exposici\u00f3 dedicada a Monet.<\/p>\n\n\n\n<hr class=\"wp-block-separator\"\/>\n\n\n\n<p><strong>CASTELLANO |<\/strong> El Centre Municipal de Cultura de la Bisbal del Pened\u00e8s acoger\u00e1 una charla sobre el pintor y escultor Salvador Dal\u00ed, uno de los principales representantes del surrealismo, el pr\u00f3ximo s\u00e1bado 22 de mayo a las 18h.<\/p>\n\n\n\n<p>La conferencia ir\u00e1 a cargo de Anna Pou van den Bossche, historiadora del arte con una amplia experiencia profesional en el mundo de la divulgaci\u00f3n y actualidad en el \u00e1mbito del arte. Es la presentadora de la secci\u00f3n de arte del programa \u00c0RTIC (Betev\u00e9) desde el a\u00f1o 2014 y trabaja en el dise\u00f1o de contenidos del programa TOT ART de la misma cadena. Adem\u00e1s, ha sido responsable de la creaci\u00f3n de los contenidos art\u00edsticos del programa THIS IS ART de Brutal Media Produccions y RAC1 (Versi\u00f3 RAC1) como especialista en temas art\u00edsticos. Adem\u00e1s tiene una dilatada experiencia como docente e investigadora y, desde el a\u00f1o 2019, es directora art\u00edstica del Centre d\u2019Arts Digitals IDEAL, siendo la curadora de la primera exposici\u00f3n dedicada a Monet.<\/p>\n","protected":false},"excerpt":{"rendered":"<p>El Centre Municipal de Cultura de la Bisbal del Pened\u00e8s acollir\u00e0 una xerrada sobre el pintor i escultor Salvador Dal\u00ed, un dels principals representants del surrealisme, el proper dissabte 22 &hellip; <a href=\"https:\/\/bisbalpenedes.com\/web\/2021\/05\/17\/el-cmc-oferira-una-xerrada-sobre-salvador-dali-el-dissabte-22-de-maig-a-les-18h\/\" class=\"more-link\">Read More<\/a><\/p>\n","protected":false},"author":4,"featured_media":17762,"comment_status":"closed","ping_status":"closed","sticky":false,"template":"","format":"standard","meta":[],"categories":[2942,13,8],"tags":[4514,225,393,4513,45],"_links":{"self":[{"href":"https:\/\/bisbalpenedes.com\/web\/wp-json\/wp\/v2\/posts\/17761"}],"collection":[{"href":"https:\/\/bisbalpenedes.com\/web\/wp-json\/wp\/v2\/posts"}],"about":[{"href":"https:\/\/bisbalpenedes.com\/web\/wp-json\/wp\/v2\/types\/post"}],"author":[{"embeddable":true,"href":"https:\/\/bisbalpenedes.com\/web\/wp-json\/wp\/v2\/users\/4"}],"replies":[{"embeddable":true,"href":"https:\/\/bisbalpenedes.com\/web\/wp-json\/wp\/v2\/comments?post=17761"}],"version-history":[{"count":2,"href":"https:\/\/bisbalpenedes.com\/web\/wp-json\/wp\/v2\/posts\/17761\/revisions"}],"predecessor-version":[{"id":17764,"href":"https:\/\/bisbalpenedes.com\/web\/wp-json\/wp\/v2\/posts\/17761\/revisions\/17764"}],"wp:featuredmedia":[{"embeddable":true,"href":"https:\/\/bisbalpenedes.com\/web\/wp-json\/wp\/v2\/media\/17762"}],"wp:attachment":[{"href":"https:\/\/bisbalpenedes.com\/web\/wp-json\/wp\/v2\/media?parent=17761"}],"wp:term":[{"taxonomy":"category","embeddable":true,"href":"https:\/\/bisbalpenedes.com\/web\/wp-json\/wp\/v2\/categories?post=17761"},{"taxonomy":"post_tag","embeddable":true,"href":"https:\/\/bisbalpenedes.com\/web\/wp-json\/wp\/v2\/tags?post=17761"}],"curies":[{"name":"wp","href":"https:\/\/api.w.org\/{rel}","templated":true}]}}