{"id":17725,"date":"2021-05-13T18:37:56","date_gmt":"2021-05-13T16:37:56","guid":{"rendered":"https:\/\/bisbalpenedes.com\/web\/?p=17725"},"modified":"2021-05-13T18:37:56","modified_gmt":"2021-05-13T16:37:56","slug":"aquest-dimecres-12-de-maig-ha-tingut-lloc-un-ple-extraordinari-a-lajuntament-de-la-bisbal-del-penedes","status":"publish","type":"post","link":"https:\/\/bisbalpenedes.com\/web\/2021\/05\/13\/aquest-dimecres-12-de-maig-ha-tingut-lloc-un-ple-extraordinari-a-lajuntament-de-la-bisbal-del-penedes\/","title":{"rendered":"Aquest dimecres 12 de maig ha tingut lloc un Ple extraordinari a l&#8217;Ajuntament de la Bisbal del Pened\u00e8s"},"content":{"rendered":"\n<p>Aquest dimecres 12 de maig, a les 18h, ha tingut lloc un Ple extraordinari a l\u2019Ajuntament de La Bisbal del Pened\u00e8s. El Ple va comptar amb l\u2019assist\u00e8ncia de tots els membres del Consistori: 6 regidors de Comprom\u00eds amb la Bisbal, 2 regidors del PSC, 1 regidor d\u2019Units-FIC, 1 regidora d\u2019Ara la Bisbal i 1 regidora d\u2019ERC-AM. La sessi\u00f3 s\u2019ha celebrat a porta tancada per poder garantir totes les mesures de prevenci\u00f3 de contagis amb motiu de la pand\u00e8mia de COVID-19 i posteriorment s\u2019ha publicat a Youtube.<\/p>\n\n\n\n<figure class=\"wp-block-embed is-type-video is-provider-youtube wp-block-embed-youtube wp-embed-aspect-16-9 wp-has-aspect-ratio\"><div class=\"wp-block-embed__wrapper\">\n<iframe loading=\"lazy\" title=\"Ajuntament de la Bisbal del Pened\u00e8s. Ple extraordinari de 12 de maig de 2021\" width=\"1170\" height=\"658\" src=\"https:\/\/www.youtube.com\/embed\/DThXPL-stvs?feature=oembed\" frameborder=\"0\" allow=\"accelerometer; autoplay; clipboard-write; encrypted-media; gyroscope; picture-in-picture\" allowfullscreen><\/iframe>\n<\/div><\/figure>\n\n\n\n<p>S\u2019hi han tractat els punts seg\u00fcents:<\/p>\n\n\n\n<p><strong>1.-Aprovaci\u00f3 de la massa salarial per al 2021<\/strong><\/p>\n\n\n\n<p>S\u2019aprova amb els vots a favor de Comprom\u00eds amb la Bisbal (6), PSC (2), Units per la Bisbal-FIC (1) i ERC-AM (1) i el vot en contra d\u2019Ara la Bisbal (1).<\/p>\n\n\n\n<p>S\u2019aprova la massa salarial del personal laboral de l\u2019Ajuntament per aquest 2021 per un import de 534.338,85\u20ac distribu\u00efts de la seg\u00fcent manera:<\/p>\n\n\n\n<p>-Personal laboral fix: 134.950,18\u20ac<\/p>\n\n\n\n<p>-Personal laboral temporal: 399.388,68\u20ac<\/p>\n\n\n\n<p>La massa salarial \u00e9s la suma global de remuneracions que l\u2019Ajuntament paga, de manera peri\u00f2dica, als seus treballadors com a retribuci\u00f3 per la feina que realitzen. De conformitat amb l\u2019article 103 bis.1 de la Llei 7\/1985, del 2 d\u2019abril, reguladora de les bases del r\u00e8gim local, \u201cLes Corporacions Locals aprovaran anualment la massa salarial del personal laboral del sector p\u00fablic local respectant els l\u00edmits i les condicions que s\u2019estableixin amb car\u00e0cter b\u00e0sic en la corresponent Llei de Pressupostos Generals de l\u2019Estat\u201d.<\/p>\n\n\n\n<p>La massa salarial es publicar\u00e0 a la seu electr\u00f2nica i al Butllet\u00ed Oficial de la Prov\u00edncia de Tarragona.<\/p>\n\n\n\n<p><strong>2.-Delegaci\u00f3 del servei de recollida, tractament i eliminaci\u00f3 de residus al Consell Comarcal del Baix Pened\u00e8s<\/strong><\/p>\n\n\n\n<p>S\u2019ha aprovat amb els vots a favor de Comprom\u00eds amb la Bisbal (6) i el PSC (2) i les abstencions d\u2019Units-FIC (1), Ara la Bisbal (1) i ERC-AM (1).<\/p>\n\n\n\n<p>S\u2019ha aprovat:<\/p>\n\n\n\n<ul><li>Delegar al Consell Comarcal, en l\u2019\u00e0mbit del tractament i eliminaci\u00f3 dels residus s\u00f2lids urbans, les compet\u00e8ncies municipals per a la gesti\u00f3 de la recollida selectiva de residus municipals: totes les fraccions (org\u00e0nica, voluminosos, paper, envasos, vidre i rebuig); transport; emmagatzematge; reutilitzaci\u00f3 i reciclatge.<\/li><li>Aprovaci\u00f3 de la mem\u00f2ria t\u00e8cnica i econ\u00f2mica dels serveis de recollida selectiva de residus que el Consell Comarcal prestar\u00e0 a l\u2019Ajuntament, en la modalitat de gesti\u00f3 indirecta, a trav\u00e9s d\u2019EcoBP.<\/li><li>Aprovaci\u00f3 del conveni per a l\u2019exercici de la compet\u00e8ncia delegada del servei de tractament i eliminaci\u00f3 de residus s\u00f2lids urbans, entre l\u2019Ajuntament de la Bisbal del Pened\u00e8s, el Consell Comarcal i EcoBP.<\/li><\/ul>\n\n\n\n<p>El contracte de gesti\u00f3 del servei p\u00fablic de recollida de residus de la Bisbal es va adjudicar el 2011 per un per\u00edode de 10 anys i ven\u00e7 el 25 de maig de 2021.<\/p>\n\n\n\n<p>El cost total anual dels serveis de recollida, transport, tractament i eliminaci\u00f3 de residus dels darrers anys ha estat:<\/p>\n\n\n\n<ul><li>2018: 598.170,87\u20ac<\/li><li>2019: 578.219,34\u20ac<\/li><li>2020: 657.841,98\u20ac<\/li><\/ul>\n\n\n\n<p>El 2020 s\u2019ha vist incrementat l\u2019import per l\u2019increment de les recollides de voluminosos, l\u2019augment de recollida de la poda i pel cost de transport, tractament i eliminaci\u00f3 de residus (en passar m\u00e9s temps a casa i haver augmentat la poblaci\u00f3 al municipi per la pand\u00e8mia de COVID-19, s\u2019han generat m\u00e9s residus).<\/p>\n\n\n\n<p>El sistema de recollida que hi havia fins ara inclo\u00efa: porta a porta al nucli; contenidors a les urbanitzacions (a excepci\u00f3 de la Pineda de Santa Cristina \u2013on gestiona el servei l\u2019Ajuntament de Rodony\u00e0) i a l\u2019Ortig\u00f3s, a excepci\u00f3 de la recollida de la fracci\u00f3 org\u00e0nica; contenidors de poda des de novembre fins al mes d\u2019abril; i recollida de voluminosos el primer dilluns de cada mes.<\/p>\n\n\n\n<p>Segons l\u2019estudi actual del servei, encarregat a l\u2019empresa Gesti\u00f3 de Residus i Biodiversistat SL el 2020: el 2021 tots els municipis hauran de separar la fracci\u00f3 org\u00e0nica i el percentatge de recollida selectiva haur\u00e0 de ser del 70% el 2035 (actualment \u00e9s del 21,85% a la Bisbal del Pened\u00e8s); i el sistema porta a porta del nucli est\u00e0 sobredimensionat.<\/p>\n\n\n\n<p>Havent valorat l\u2019estudi i el compliment en els propers anys de la normativa europea de recollida selectiva, l\u2019equip de govern ha considerat que cal reestructurar el servei amb els seg\u00fcents objectius:<\/p>\n\n\n\n<ul><li>Implantar un nou servei de recollida selectiva de residus dom\u00e8stics, amb un alt grau de proximitat, atenci\u00f3 ciutadana i alta efici\u00e8ncia, que assoleixi, com a m\u00ednim, el 65% de la recollida selectiva bruta.<\/li><li>Combinar el nou servei, amb accions d\u2019acompanyament a la ciutadania i als grans generadors: deixalleria m\u00f2bil, agents d\u2019acompanyament, campanyes de sensibilitzaci\u00f3 i atenci\u00f3 ciutadana molt propera.<\/li><li>Combinar el servei de recollida domicili\u00e0ria amb els serveis de recollida de voluminosos, gespa i restes vegetals, i residus especials, de forma que sigui viable econ\u00f2micament i tamb\u00e9 de forma ambiental i t\u00e8cnica.<\/li><\/ul>\n\n\n\n<p>Tenint en compte que el de 25 de maig ven\u00e7 el contracte actual i que, si es prorroga, no es poden millorar les condicions actuals perqu\u00e8 no es pot modificar el contracte (segons estableix el plec de cl\u00e0usules actual, es pot prorrogar per per\u00edodes de dos anys amb el mateix servei, sense modificar-lo i, per tant, sense poder-lo millorar), l\u2019Ajuntament s\u2019adherir\u00e0 al servei que es gestiona des del Consell Comarcal del Baix Pened\u00e8s en diversos municipis de la comarca. Aquest servei del Consell Comarcal est\u00e0 amb pr\u00f2rroga i s\u2019est\u00e0 treballant en una nova licitaci\u00f3 i l\u2019Ajuntament de la Bisbal del Pened\u00e8s t\u00e9 intenci\u00f3 d\u2019entrar a formar part tamb\u00e9 del nou servei.<\/p>\n\n\n\n<p>Per tant, s\u2019ha aprovat que, a partir del 26 de maig EcoBP faci el servei de recollida, tractament i eliminaci\u00f3 de residus al Consell Comarcal del Baix Pened\u00e8s per un import anual de 614.773,88\u20ac, amb el mateix personal que se subroga de Cespa i l\u2019Ajuntament continuar\u00e0 treballant en la implementaci\u00f3 del porta a porta. Segons ha explicat el regidor de Gesti\u00f3 de Residus, F\u00e8lix Villaz\u00e1n \u201cenguany s\u2019implementar\u00e0 la recollida de la fracci\u00f3 org\u00e0nica a les urbanitzacions, mitjan\u00e7ant contenidors i, a m\u00e9s, el servei inclou el tractament i l\u2019eliminaci\u00f3 dels residus. El contracte amb CESPA era nom\u00e9s del servei i transport, tractament i eliminaci\u00f3 es pagaven a banda del servei\u201d.<\/p>\n\n\n\n<hr class=\"wp-block-separator is-style-wide\"\/>\n\n\n\n<p><strong>CASTELLANO | <\/strong>Este mi\u00e9rcoles 12 de mayo, a las 18h, ha tenido lugar un Pleno extraordinario en el Ayuntamiento de La Bisbal del Pened\u00e8s. El Pleno cont\u00f3 con la asistencia de todos los miembros del Consistorio: 6 concejales de Comprom\u00eds amb la Bisbal, 2 concejales del PSC, 1 concejal de Units-FIC, 1 concejala de Ara la Bisbal y 1 concejala de ERC-AM. La sesi\u00f3n se ha celebrado a puerta cerrada para poder garantizar todas las medidas de prevenci\u00f3n de contagios con motivo de la pandemia de COVID-19 y posteriormente se ha publicado en YouTube.<\/p>\n\n\n\n<figure class=\"wp-block-embed is-type-video is-provider-youtube wp-block-embed-youtube wp-embed-aspect-16-9 wp-has-aspect-ratio\"><div class=\"wp-block-embed__wrapper\">\n<iframe loading=\"lazy\" title=\"Ajuntament de la Bisbal del Pened\u00e8s. Ple extraordinari de 12 de maig de 2021\" width=\"1170\" height=\"658\" src=\"https:\/\/www.youtube.com\/embed\/DThXPL-stvs?feature=oembed\" frameborder=\"0\" allow=\"accelerometer; autoplay; clipboard-write; encrypted-media; gyroscope; picture-in-picture\" allowfullscreen><\/iframe>\n<\/div><\/figure>\n\n\n\n<p>Se han tratado los puntos siguientes:<\/p>\n\n\n\n<p><strong>1.-Aprobaci\u00f3n de la masa salarial para el 2021<\/strong><\/p>\n\n\n\n<p>Se aprueba con los votos a favor de Comprom\u00eds amb la Bisbal (6), PSC (2), Units per la Bisbal-FIC (1) y ERC-AM (1) y el voto en contra de Ara la Bisbal (1).<\/p>\n\n\n\n<p>Se aprueba la masa salarial del personal laboral del Ayuntamiento para este 2021 por un importe de 534.338,85\u20ac distribuidos de la siguiente manera:<\/p>\n\n\n\n<p>-Personal laboral fijo: 134.950,18\u20ac<\/p>\n\n\n\n<p>-Personal laboral temporal: 399.388,68\u20ac<\/p>\n\n\n\n<p>La masa salarial es la suma global de remuneraciones que el Ayuntamiento paga, de manera peri\u00f3dica, a sus trabajadores como retribuci\u00f3n por el trabajo que realizan. En conformidad con el art\u00edculo 103 bis.1 de la Ley 7\/1985, del 2 de abril, reguladora de las bases del r\u00e9gimen local, \u201cLas Corporaciones Locales aprobar\u00e1n anualmente la masa salarial del personal laboral del sector p\u00fablico local respetando los l\u00edmites y las condiciones que se establezcan con car\u00e1cter b\u00e1sico en la correspondiente Ley de Presupuestos Generales del Estado\u201d.<\/p>\n\n\n\n<p>La masa salarial se publicar\u00e1 en la sede electr\u00f3nica y en el Bolet\u00edn Oficial de la Provincia de Tarragona.<\/p>\n\n\n\n<p><strong>2.-Delegaci\u00f3n del servicio de recogida, tratamiento y eliminaci\u00f3n de residuos al Consejo Comarcal del Baix Pened\u00e8s<\/strong><\/p>\n\n\n\n<p>Se ha aprobado con los votos a favor de Comprom\u00eds amb la Bisbal (6) y el PSC (2) y las abstenciones de Units-FIC (1), Ara la Bisbal (1) y ERC-AM (1).<\/p>\n\n\n\n<p>Se ha aprobado:<\/p>\n\n\n\n<ul><li>Delegar al Consell Comarcal, en el \u00e1mbito del tratamiento y eliminaci\u00f3n de los residuos s\u00f3lidos urbanos, las competencias municipales para la gesti\u00f3n de la recogida selectiva de residuos municipales: todas las fracciones (org\u00e1nica, voluminosos, papel, envases, vidrio y rechazo); transporte; almacenamiento; reutilizaci\u00f3n y reciclaje.<\/li><li>Aprobaci\u00f3n de la memoria t\u00e9cnica y econ\u00f3mica de los servicios de recogida selectiva de residuos que el Consell Comarcal prestar\u00e1 en el Ayuntamiento, en la modalidad de gesti\u00f3n indirecta, a trav\u00e9s de EcoBP.<\/li><li>Aprobaci\u00f3n del convenio para el ejercicio de la competencia delegada del servicio de tratamiento y eliminaci\u00f3n de residuos s\u00f3lidos urbanos, entre el Ayuntamiento de la Bisbal del Pened\u00e8s, el Consell Comarcal y EcoBP.<\/li><\/ul>\n\n\n\n<p>El contrato de gesti\u00f3n del servicio p\u00fablico de recogida de residuos de la Bisbal se adjudic\u00f3 en el 2011 por un periodo de 10 a\u00f1os y vence el 25 de mayo de 2021.<\/p>\n\n\n\n<p>El coste total anual de los servicios de recogida, transporte, tratamiento y eliminaci\u00f3n de residuos de los \u00faltimos a\u00f1os ha sido:<\/p>\n\n\n\n<ul><li>2018: 598.170,87\u20ac<\/li><li>2019: 578.219,34\u20ac<\/li><li>2020: 657.841,98\u20ac<\/li><\/ul>\n\n\n\n<p>El 2020 se ha visto incrementado el importe por el aumento de las recogidas de voluminosos, el incremento de recogida de la poda y por el coste de transporte, tratamiento y eliminaci\u00f3n de residuos (al pasar m\u00e1s tiempo a casa y haber aumentado la poblaci\u00f3n en el municipio por la pandemia de COVID-19, se han generado m\u00e1s residuos).<\/p>\n\n\n\n<p>El sistema de recogida que hab\u00eda hasta ahora inclu\u00eda: puerta a puerta al n\u00facleo; contenedores en las urbanizaciones (a excepci\u00f3n de la Pineda de Santa Cristina \u2013donde gestiona el servicio el Ayuntamiento de Rodony\u00e0) y en l\u2019Ortig\u00f3s, a excepci\u00f3n de la recogida de la fracci\u00f3n org\u00e1nica; contenedores de poda desde noviembre hasta el mes de abril; y recogida de voluminosos el primer lunes de cada mes.<\/p>\n\n\n\n<p>Seg\u00fan el estudio actual del servicio, encargado a la empresa Gesti\u00f3 de Residus y Biodiversistat SL el 2020: el 2021 todos los municipios deber\u00e1n separar la fracci\u00f3n org\u00e1nica y el porcentaje de recogida selectiva tendr\u00e1 que ser del 70% el 2035 (actualmente es del 21,85% en la Bisbal del Pened\u00e8s); y el sistema puerta a puerta del n\u00facleo est\u00e1 sobredimensionado.<\/p>\n\n\n\n<p>Habiendo valorado el estudio y el cumplimiento en los pr\u00f3ximos a\u00f1os de la normativa europea de recogida selectiva, el equipo de gobierno ha considerado que hay que reestructurar el servicio con los siguientes objetivos:<\/p>\n\n\n\n<ul><li>Implantar un nuevo servicio de recogida selectiva de residuos dom\u00e9sticos, con un alto grado de proximidad, atenci\u00f3n ciudadana y alta eficiencia, que logre, como m\u00ednimo, el 65% de la recogida selectiva sucia.<\/li><li>Combinar el nuevo servicio, con acciones de acompa\u00f1amiento a la ciudadan\u00eda y a los grandes generadores: desecher\u00eda m\u00f3vil, agentes de acompa\u00f1amiento, campa\u00f1as de sensibilizaci\u00f3n y atenci\u00f3n ciudadana muy pr\u00f3xima.<\/li><li>Combinar el servicio de recogida domiciliaria con los servicios de recogida de voluminosos, c\u00e9sped y restos vegetales, y residuos especiales, de forma que sea viable econ\u00f3micamente y tambi\u00e9n de forma ambiental y t\u00e9cnica.<\/li><\/ul>\n\n\n\n<p>Teniendo en cuenta que el de 25 de mayo vence el presente contrato y que, si se prorroga, no se pueden mejorar las condiciones actuales porque no se puede modificar el contrato (seg\u00fan establece el pliego de cl\u00e1usulas actual, se puede prorrogar por periodos de dos a\u00f1os con el mismo servicio, sin modificarlo y, por lo tanto, sin poderlo mejorar), el Ayuntamiento se adherir\u00e1 al servicio que se gestiona desde el Consell Comarcal del Baix Pened\u00e8s en varios municipios de la comarca. Este servicio del Consell Comarcal est\u00e1 en pr\u00f3rroga y se est\u00e1 trabajando en una nueva licitaci\u00f3n y el Ayuntamiento de la Bisbal del Pened\u00e8s tiene intenci\u00f3n de entrar a formar parte tambi\u00e9n del nuevo servicio.<\/p>\n\n\n\n<p>Por lo tanto, se ha aprobado que, a partir del 26 de mayo EcoBP haga el servicio de recogida, tratamiento y eliminaci\u00f3n de residuos al Consell Comarcal del Baix Pened\u00e8s por un importe anual de 614.773,88\u20ac, con el mismo personal que se subroga de Cespa y el Ayuntamiento continuar\u00e1 trabajando en la implementaci\u00f3n del puerta a puerta. Seg\u00fan ha explicado el regidor de Gesti\u00f3n de Residuos, F\u00e8lix Villaz\u00e1n \u201ceste a\u00f1o se implementar\u00e1 la recogida de la fracci\u00f3n org\u00e1nica a las urbanizaciones, mediante contenedores y, adem\u00e1s, el servicio incluye el tratamiento y la eliminaci\u00f3n de los residuos. El contrato con CESPA era solo del servicio y transporte, tratamiento y eliminaci\u00f3n se pagaban aparte del servicio\u201d.<\/p>\n","protected":false},"excerpt":{"rendered":"<p>Aquest dimecres 12 de maig, a les 18h, ha tingut lloc un Ple extraordinari a l\u2019Ajuntament de La Bisbal del Pened\u00e8s. El Ple va comptar amb l\u2019assist\u00e8ncia de tots els &hellip; <a href=\"https:\/\/bisbalpenedes.com\/web\/2021\/05\/13\/aquest-dimecres-12-de-maig-ha-tingut-lloc-un-ple-extraordinari-a-lajuntament-de-la-bisbal-del-penedes\/\" class=\"more-link\">Read More<\/a><\/p>\n","protected":false},"author":4,"featured_media":17726,"comment_status":"closed","ping_status":"closed","sticky":false,"template":"","format":"standard","meta":[],"categories":[8,2250],"tags":[1131,393,1051,423,627,1182],"_links":{"self":[{"href":"https:\/\/bisbalpenedes.com\/web\/wp-json\/wp\/v2\/posts\/17725"}],"collection":[{"href":"https:\/\/bisbalpenedes.com\/web\/wp-json\/wp\/v2\/posts"}],"about":[{"href":"https:\/\/bisbalpenedes.com\/web\/wp-json\/wp\/v2\/types\/post"}],"author":[{"embeddable":true,"href":"https:\/\/bisbalpenedes.com\/web\/wp-json\/wp\/v2\/users\/4"}],"replies":[{"embeddable":true,"href":"https:\/\/bisbalpenedes.com\/web\/wp-json\/wp\/v2\/comments?post=17725"}],"version-history":[{"count":1,"href":"https:\/\/bisbalpenedes.com\/web\/wp-json\/wp\/v2\/posts\/17725\/revisions"}],"predecessor-version":[{"id":17727,"href":"https:\/\/bisbalpenedes.com\/web\/wp-json\/wp\/v2\/posts\/17725\/revisions\/17727"}],"wp:featuredmedia":[{"embeddable":true,"href":"https:\/\/bisbalpenedes.com\/web\/wp-json\/wp\/v2\/media\/17726"}],"wp:attachment":[{"href":"https:\/\/bisbalpenedes.com\/web\/wp-json\/wp\/v2\/media?parent=17725"}],"wp:term":[{"taxonomy":"category","embeddable":true,"href":"https:\/\/bisbalpenedes.com\/web\/wp-json\/wp\/v2\/categories?post=17725"},{"taxonomy":"post_tag","embeddable":true,"href":"https:\/\/bisbalpenedes.com\/web\/wp-json\/wp\/v2\/tags?post=17725"}],"curies":[{"name":"wp","href":"https:\/\/api.w.org\/{rel}","templated":true}]}}