{"id":17717,"date":"2021-05-13T14:01:36","date_gmt":"2021-05-13T12:01:36","guid":{"rendered":"https:\/\/bisbalpenedes.com\/web\/?p=17717"},"modified":"2021-05-13T14:01:48","modified_gmt":"2021-05-13T12:01:48","slug":"saprova-la-liquidacio-del-canon-de-la-concessio-del-servei-daigua-corresponent-al-2020","status":"publish","type":"post","link":"https:\/\/bisbalpenedes.com\/web\/2021\/05\/13\/saprova-la-liquidacio-del-canon-de-la-concessio-del-servei-daigua-corresponent-al-2020\/","title":{"rendered":"L&#8217;import del c\u00e0non de concessi\u00f3 del servei d&#8217;abastament d&#8217;aigua es destinar\u00e0 a inversions a la xarxa"},"content":{"rendered":"\n<p>La Junta de govern del 10 de maig va aprovar, a petici\u00f3 de la Regidoria del Servei d\u2019abastament d\u2019aigua potable, la liquidaci\u00f3 del c\u00e0non de la concessi\u00f3 del servei d\u2019aigua corresponent a l\u2019any 2020. La cl\u00e0usula 3\u00aa del contracte per a la gesti\u00f3 del servei d\u2019abastament d\u2019aigua potable i clavegueram de la Bisbal del Pened\u00e8s que l\u2019any 2009 es va signar entre Aqualia Gesti\u00f3n del Agua SA i l\u2019Ajuntament de la Bisbal del Pened\u00e8s estableix que \u201cel c\u00e0non de la concessi\u00f3 s\u2019obtindr\u00e0 com a resultat d\u2019aplicar als m3 facturats durant l\u2019any, una quantitat de 0,04\u20ac\/m3. El concessionari, si ho considera convenient, podr\u00e0 posar una altra quantitat\u201d. L\u2019import del 2020 ascendeix a 10.980,60\u20ac i l\u2019Ajuntament de La Bisbal del Pened\u00e8s el destinar\u00e0 a inversions a la xarxa d\u2019aigua.<\/p>\n\n\n\n<hr class=\"wp-block-separator is-style-wide\"\/>\n\n\n\n<p><strong>CASTELLANO | <\/strong>La Junta de gobierno del 10 de mayo aprob\u00f3, a petici\u00f3n de la Concejal\u00eda del Servicio de abastecimiento de agua potable, la liquidaci\u00f3n del canon de la concesi\u00f3n del servicio de agua correspondiente al a\u00f1o 2020. La cl\u00e1usula 3\u00aa del contrato para la gesti\u00f3n del servicio de abastecimiento de agua potable y alcantarillado de la Bisbal del Pened\u00e8s que el a\u00f1o 2009 se firm\u00f3 entre Aqualia Gesti\u00f3n del Agua SA y el Ayuntamiento de la Bisbal del Pened\u00e8s establece que \u201cel canon de la concesi\u00f3n se obtendr\u00e1 como resultado de aplicar a los m3 facturados durante el a\u00f1o, una cantidad de 0,04\u20ac\/m3. El concesionario, si lo considera conveniente, podr\u00e1 poner otra cantidad\u201d. El importe del 2020 asciende a 10.980,60\u20ac y el Ayuntamiento de La Bisbal del Pened\u00e8s lo destinar\u00e1 a inversiones en la red de agua.<\/p>\n","protected":false},"excerpt":{"rendered":"<p>La Junta de govern del 10 de maig va aprovar, a petici\u00f3 de la Regidoria del Servei d\u2019abastament d\u2019aigua potable, la liquidaci\u00f3 del c\u00e0non de la concessi\u00f3 del servei d\u2019aigua &hellip; <a href=\"https:\/\/bisbalpenedes.com\/web\/2021\/05\/13\/saprova-la-liquidacio-del-canon-de-la-concessio-del-servei-daigua-corresponent-al-2020\/\" class=\"more-link\">Read More<\/a><\/p>\n","protected":false},"author":4,"featured_media":4244,"comment_status":"closed","ping_status":"closed","sticky":false,"template":"","format":"standard","meta":[],"categories":[8,3352],"tags":[649,3209,2309,1790],"_links":{"self":[{"href":"https:\/\/bisbalpenedes.com\/web\/wp-json\/wp\/v2\/posts\/17717"}],"collection":[{"href":"https:\/\/bisbalpenedes.com\/web\/wp-json\/wp\/v2\/posts"}],"about":[{"href":"https:\/\/bisbalpenedes.com\/web\/wp-json\/wp\/v2\/types\/post"}],"author":[{"embeddable":true,"href":"https:\/\/bisbalpenedes.com\/web\/wp-json\/wp\/v2\/users\/4"}],"replies":[{"embeddable":true,"href":"https:\/\/bisbalpenedes.com\/web\/wp-json\/wp\/v2\/comments?post=17717"}],"version-history":[{"count":2,"href":"https:\/\/bisbalpenedes.com\/web\/wp-json\/wp\/v2\/posts\/17717\/revisions"}],"predecessor-version":[{"id":17720,"href":"https:\/\/bisbalpenedes.com\/web\/wp-json\/wp\/v2\/posts\/17717\/revisions\/17720"}],"wp:featuredmedia":[{"embeddable":true,"href":"https:\/\/bisbalpenedes.com\/web\/wp-json\/wp\/v2\/media\/4244"}],"wp:attachment":[{"href":"https:\/\/bisbalpenedes.com\/web\/wp-json\/wp\/v2\/media?parent=17717"}],"wp:term":[{"taxonomy":"category","embeddable":true,"href":"https:\/\/bisbalpenedes.com\/web\/wp-json\/wp\/v2\/categories?post=17717"},{"taxonomy":"post_tag","embeddable":true,"href":"https:\/\/bisbalpenedes.com\/web\/wp-json\/wp\/v2\/tags?post=17717"}],"curies":[{"name":"wp","href":"https:\/\/api.w.org\/{rel}","templated":true}]}}