{"id":1771,"date":"2016-08-11T15:26:55","date_gmt":"2016-08-11T09:26:55","guid":{"rendered":"http:\/\/bisbalpenedes.com\/web\/?p=1771"},"modified":"2016-08-11T15:29:18","modified_gmt":"2016-08-11T09:29:18","slug":"2on-concurs-dinstagram-festa-major-2016","status":"publish","type":"post","link":"https:\/\/bisbalpenedes.com\/web\/2016\/08\/11\/2on-concurs-dinstagram-festa-major-2016\/","title":{"rendered":"2ON CONCURS D&#8217;INSTAGRAM FESTA MAJOR 2016"},"content":{"rendered":"<p><strong>BASES 2ON CONCURS D\u2019INSTAGRAM DE LA FESTA MAJOR<br \/>\n#festamajorbisbal<\/strong><br \/>\nLa regidoria de Festes de l\u2019Ajuntament de La Bisbal del Pened\u00e8s convoca el II Concurs Fotogr\u00e0fic a la xarxa Instragram per la Festa Major de 2016.<br \/>\n Qui hi pot participar?<br \/>\nQualsevol persona que faci una fotografia de la Festa Major a trav\u00e9s d\u2019Instagram.<\/p>\n<p><strong>El tema del concurs<\/strong><br \/>\nFesta Major La Bisbal del Pened\u00e8s 2016, en totes les activitats que figuren al programa de Festa Major.<br \/>\nCom es participa?<br \/>\n1 Primer t\u2019has de fer seguidor del perfil d\u2019instagram de l\u2019Ajuntament de La Bisbal del Pened\u00e8s creat pel concurs @festamajorbisbal<br \/>\n2 La fotografia ha d\u2019estar degudament etiquetada amb #festamajorbisbal, sense perjudici d\u2019altres etiquetes<br \/>\n3 Publicar la foto a la xarxa Instagram mitjan\u00e7ant un usuari propi.  Aquest fet implica el reconeixement per part de l\u2019autor o autora, que es tracta d\u2019una obra original i pr\u00f2pia.<br \/>\n4 No hi ha limitaci\u00f3 a la quantitat de fotografies publicades per participant.<br \/>\n5 Les imatges no podran contenir cap contingut ni material obsc\u00e8, sexualment expl\u00edcit, violent, ofensiu o difamatori.<br \/>\n6 Les imatges hauran obtingut pr\u00e8viament les autoritzacions necess\u00e0ries de les persones que hi figurin, sobretot si es tracta de menors<br \/>\n7. La regidoria de Festes t\u00e9 la facultat de rebutjar les imatges que no compleixin els requisits d\u2019aquestes bases.<\/p>\n<p><strong>Com funciona?<\/strong><br \/>\nCada dia de la Festa Major, des del dijous 11 d\u2019agost fins el dilluns 15 d\u2019agost una part del jurat escollir\u00e0 les millors fotografies del dia anterior etiquetades amb el #festamajorbisbal, i les publicar\u00e0 al perfil d\u2019Instagram i al Facebook de l\u2019Ajuntament on podran ser votades.<br \/>\nEl dia 17 el jurat premiar\u00e0 les dos millors fotografies d\u2019entre les seleccionades de cada dia de la Festa Major<br \/>\nLa tercera fotografia (premi del p\u00fablic), ser\u00e0 la fotografia amb m\u00e9s vots aconseguits sumant els vots de la foto al Facebook de l\u2019Ajuntament m\u00e9s els vots de la foto al perfil d\u2019Instagram @festamajorbisbal<\/p>\n<p><strong>El jurat<\/strong><br \/>\nEl jurat estar\u00e0 format per l\u2019Alcaldessa, el regidor de Festes i diversos artistes del municipi<br \/>\nLliurament de premis<br \/>\nEl dimecres 17 d\u2019agost a les 20:00h a l\u2019auditori del CMC es far\u00e0 p\u00fablic el veredicte del jurat i es lliuraran els premis<br \/>\n<strong>Premis<\/strong><br \/>\nEs premiaran 3 fotografies.<br \/>\nHi haur\u00e0 dos premis del jurat i un premi del P\u00fablic<br \/>\nDrets d\u2019imatge<br \/>\nEls drets de les imatges seran propietat de l\u2019autor o autora de la fotografia, compartides amb el r\u00e8gim de copropietat que ja marca la normativa d\u2019Instagram.L\u2019Ajuntament de La Bisbal del Pened\u00e8s podr\u00e0 fer \u00fas de les fotografies al web municipal, Instagram, Facebook, revista municipal i al programa de Festa Major de l\u2019any seg\u00fcent, mencionant sempre el nom de l\u2019autor.<\/p>\n<p><a href=\"http:\/\/bisbalpenedes.com\/web\/wp-content\/uploads\/2016\/08\/caratula-instagram-16.jpg\"><img loading=\"lazy\" src=\"http:\/\/bisbalpenedes.com\/web\/wp-content\/uploads\/2016\/08\/caratula-instagram-16-1024x514.jpg\" alt=\"\" title=\"caratula-instagram-16\" width=\"630\" height=\"316\" class=\"alignleft size-large wp-image-1772\" srcset=\"https:\/\/bisbalpenedes.com\/web\/wp-content\/uploads\/2016\/08\/caratula-instagram-16-1024x514.jpg 1024w, https:\/\/bisbalpenedes.com\/web\/wp-content\/uploads\/2016\/08\/caratula-instagram-16-600x302.jpg 600w, https:\/\/bisbalpenedes.com\/web\/wp-content\/uploads\/2016\/08\/caratula-instagram-16-300x150.jpg 300w\" sizes=\"(max-width: 630px) 100vw, 630px\" \/><\/a><\/p>\n","protected":false},"excerpt":{"rendered":"<p>BASES 2ON CONCURS D\u2019INSTAGRAM DE LA FESTA MAJOR #festamajorbisbal La regidoria de Festes de l\u2019Ajuntament de La Bisbal del Pened\u00e8s convoca el II Concurs Fotogr\u00e0fic a la xarxa Instragram per &hellip; <a href=\"https:\/\/bisbalpenedes.com\/web\/2016\/08\/11\/2on-concurs-dinstagram-festa-major-2016\/\" class=\"more-link\">Read More<\/a><\/p>\n","protected":false},"author":1,"featured_media":1772,"comment_status":"closed","ping_status":"closed","sticky":false,"template":"","format":"standard","meta":[],"categories":[13],"tags":[154,141],"_links":{"self":[{"href":"https:\/\/bisbalpenedes.com\/web\/wp-json\/wp\/v2\/posts\/1771"}],"collection":[{"href":"https:\/\/bisbalpenedes.com\/web\/wp-json\/wp\/v2\/posts"}],"about":[{"href":"https:\/\/bisbalpenedes.com\/web\/wp-json\/wp\/v2\/types\/post"}],"author":[{"embeddable":true,"href":"https:\/\/bisbalpenedes.com\/web\/wp-json\/wp\/v2\/users\/1"}],"replies":[{"embeddable":true,"href":"https:\/\/bisbalpenedes.com\/web\/wp-json\/wp\/v2\/comments?post=1771"}],"version-history":[{"count":4,"href":"https:\/\/bisbalpenedes.com\/web\/wp-json\/wp\/v2\/posts\/1771\/revisions"}],"predecessor-version":[{"id":1776,"href":"https:\/\/bisbalpenedes.com\/web\/wp-json\/wp\/v2\/posts\/1771\/revisions\/1776"}],"wp:featuredmedia":[{"embeddable":true,"href":"https:\/\/bisbalpenedes.com\/web\/wp-json\/wp\/v2\/media\/1772"}],"wp:attachment":[{"href":"https:\/\/bisbalpenedes.com\/web\/wp-json\/wp\/v2\/media?parent=1771"}],"wp:term":[{"taxonomy":"category","embeddable":true,"href":"https:\/\/bisbalpenedes.com\/web\/wp-json\/wp\/v2\/categories?post=1771"},{"taxonomy":"post_tag","embeddable":true,"href":"https:\/\/bisbalpenedes.com\/web\/wp-json\/wp\/v2\/tags?post=1771"}],"curies":[{"name":"wp","href":"https:\/\/api.w.org\/{rel}","templated":true}]}}