{"id":17709,"date":"2021-05-12T07:00:00","date_gmt":"2021-05-12T05:00:00","guid":{"rendered":"https:\/\/bisbalpenedes.com\/web\/?p=17709"},"modified":"2021-05-11T17:40:22","modified_gmt":"2021-05-11T15:40:22","slug":"avui-dimecres-lajuntament-silluminara-de-blau-com-a-gest-de-solidaritat-amb-les-persones-afectades-de-fibromialgia-sindrome-de-fatiga-cronica-i-altres-sindromes-de-sensibilitzacio-central","status":"publish","type":"post","link":"https:\/\/bisbalpenedes.com\/web\/2021\/05\/12\/avui-dimecres-lajuntament-silluminara-de-blau-com-a-gest-de-solidaritat-amb-les-persones-afectades-de-fibromialgia-sindrome-de-fatiga-cronica-i-altres-sindromes-de-sensibilitzacio-central\/","title":{"rendered":"Avui dimecres l&#8217;Ajuntament s&#8217;il\u00b7luminar\u00e0 de blau com a gest de solidaritat amb les persones afectades de fibromi\u00e0lgia, s\u00edndrome de fatiga cr\u00f2nica i altres s\u00edndromes de sensibilitzaci\u00f3 central"},"content":{"rendered":"\n<p>Avui dimecres, al vespre, l\u2019Ajuntament de La Bisbal del Pened\u00e8s s\u2019il\u00b7luminar\u00e0 de color blau en el marc de la campanya #CatalunyaDeBlau de l\u2019Associaci\u00f3 Catalana d\u2019Afectades i Afectats de Fibromi\u00e0lgia i altres S\u00edndromes de Sensibilitzaci\u00f3 Central i la Plataforma de Familiars FM-SFC-SQM. La campanya vol ser un gest de solidaritat amb les persones afectades de fibromi\u00e0lgia, s\u00edndrome de fatiga cr\u00f2nica i altres s\u00edndromes de sensibilitzaci\u00f3 central, com ara la sensibilitat qu\u00edmica m\u00faltiple i l\u2019electrohipersensibilitat.<\/p>\n\n\n\n<hr class=\"wp-block-separator is-style-wide\"\/>\n\n\n\n<p><br>Hoy mi\u00e9rcoles al anochecer, el Ayuntamiento de La Bisbal del Pened\u00e8s se iluminar\u00e1 de color azul en el marco de la campa\u00f1a #CatalunyaDeBlau de la Associaci\u00f3 Catalana d\u2019Afectades i Afectats de Fibromi\u00e0lgia i altres S\u00edndromes de Sensibilitzaci\u00f3 Central y la Plataforma de Familiars FM-SFC-SQM. La campa\u00f1a quiere ser un gesto de solidaridad con las personas afectadas de fibromialgia, s\u00edndrome de fatiga cr\u00f3nica y otros s\u00edndromes de sensibilizaci\u00f3n central, como por ejemplo la sensibilidad qu\u00edmica m\u00faltiple y la electro hipersensibilidad.<br><br><\/p>\n","protected":false},"excerpt":{"rendered":"<p>Avui dimecres, al vespre, l\u2019Ajuntament de La Bisbal del Pened\u00e8s s\u2019il\u00b7luminar\u00e0 de color blau en el marc de la campanya #CatalunyaDeBlau de l\u2019Associaci\u00f3 Catalana d\u2019Afectades i Afectats de Fibromi\u00e0lgia i &hellip; <a href=\"https:\/\/bisbalpenedes.com\/web\/2021\/05\/12\/avui-dimecres-lajuntament-silluminara-de-blau-com-a-gest-de-solidaritat-amb-les-persones-afectades-de-fibromialgia-sindrome-de-fatiga-cronica-i-altres-sindromes-de-sensibilitzacio-central\/\" class=\"more-link\">Read More<\/a><\/p>\n","protected":false},"author":4,"featured_media":17206,"comment_status":"closed","ping_status":"closed","sticky":false,"template":"","format":"standard","meta":[],"categories":[8,14],"tags":[],"_links":{"self":[{"href":"https:\/\/bisbalpenedes.com\/web\/wp-json\/wp\/v2\/posts\/17709"}],"collection":[{"href":"https:\/\/bisbalpenedes.com\/web\/wp-json\/wp\/v2\/posts"}],"about":[{"href":"https:\/\/bisbalpenedes.com\/web\/wp-json\/wp\/v2\/types\/post"}],"author":[{"embeddable":true,"href":"https:\/\/bisbalpenedes.com\/web\/wp-json\/wp\/v2\/users\/4"}],"replies":[{"embeddable":true,"href":"https:\/\/bisbalpenedes.com\/web\/wp-json\/wp\/v2\/comments?post=17709"}],"version-history":[{"count":1,"href":"https:\/\/bisbalpenedes.com\/web\/wp-json\/wp\/v2\/posts\/17709\/revisions"}],"predecessor-version":[{"id":17710,"href":"https:\/\/bisbalpenedes.com\/web\/wp-json\/wp\/v2\/posts\/17709\/revisions\/17710"}],"wp:featuredmedia":[{"embeddable":true,"href":"https:\/\/bisbalpenedes.com\/web\/wp-json\/wp\/v2\/media\/17206"}],"wp:attachment":[{"href":"https:\/\/bisbalpenedes.com\/web\/wp-json\/wp\/v2\/media?parent=17709"}],"wp:term":[{"taxonomy":"category","embeddable":true,"href":"https:\/\/bisbalpenedes.com\/web\/wp-json\/wp\/v2\/categories?post=17709"},{"taxonomy":"post_tag","embeddable":true,"href":"https:\/\/bisbalpenedes.com\/web\/wp-json\/wp\/v2\/tags?post=17709"}],"curies":[{"name":"wp","href":"https:\/\/api.w.org\/{rel}","templated":true}]}}