{"id":17705,"date":"2021-05-11T16:22:26","date_gmt":"2021-05-11T14:22:26","guid":{"rendered":"https:\/\/bisbalpenedes.com\/web\/?p=17705"},"modified":"2021-05-11T16:22:26","modified_gmt":"2021-05-11T14:22:26","slug":"fins-al-21-de-maig-podeu-visitar-lexposicio-tota-pedra-fa-paret-la-pedra-seca-a-catalunya-al-cmc","status":"publish","type":"post","link":"https:\/\/bisbalpenedes.com\/web\/2021\/05\/11\/fins-al-21-de-maig-podeu-visitar-lexposicio-tota-pedra-fa-paret-la-pedra-seca-a-catalunya-al-cmc\/","title":{"rendered":"Fins al 21 de maig podeu visitar l&#8217;exposici\u00f3 &#8220;Tota pedra fa paret. La pedra seca a Catalunya&#8221; al CMC"},"content":{"rendered":"\n<p>Fins al 21 de maig podeu visitar l&#8217;exposici\u00f3 &#8220;Tota pedra fa paret. La pedra seca a Catalunya&#8221; a la sala gran del CMC. Est\u00e0 oberta cada tarda, de 17h a 20h, de dilluns a divendres.<\/p>\n\n\n\n<p>I si encara no teniu el llibre \u201cLes barraques de pedra seca de la Bisbal del Pened\u00e8s\u201d \u2013 Part 1 OEST del bisbalenc Jaume Mir\u00f3 i Banach, recordeu que el podeu adquirir a la Biblioteca p\u00fablica de la Bisbal del Pened\u00e8s i a l&#8217;Ajuntament pel preu de 10\u20ac.<\/p>\n\n\n\n<figure class=\"wp-block-image size-large\"><img loading=\"lazy\" width=\"680\" height=\"453\" src=\"https:\/\/bisbalpenedes.com\/web\/wp-content\/uploads\/2021\/05\/JAUME-MIRO-LLIBRE-OPT.jpeg\" alt=\"\" class=\"wp-image-17707\" srcset=\"https:\/\/bisbalpenedes.com\/web\/wp-content\/uploads\/2021\/05\/JAUME-MIRO-LLIBRE-OPT.jpeg 680w, https:\/\/bisbalpenedes.com\/web\/wp-content\/uploads\/2021\/05\/JAUME-MIRO-LLIBRE-OPT-600x400.jpeg 600w, https:\/\/bisbalpenedes.com\/web\/wp-content\/uploads\/2021\/05\/JAUME-MIRO-LLIBRE-OPT-300x200.jpeg 300w\" sizes=\"(max-width: 680px) 100vw, 680px\" \/><\/figure>\n\n\n\n<hr class=\"wp-block-separator is-style-wide\"\/>\n\n\n\n<p>Hasta el 21 de mayo pod\u00e9is visitar la exposici\u00f3n &#8220;Tota pedra fa paret. La pedra seca a Catalunya&#8221; en la sala grande del CMC. Est\u00e1 abierta cada tarde, de 17h a 20h, de lunes a viernes.<\/p>\n\n\n\n<p>Y si todav\u00eda no ten\u00e9is el libro \u201cLes barraques de pedra seca de la Bisbal del Pened\u00e8s\u201d \u2013 Part 1 OEST del bisbalenc Jaume Mir\u00f3 i Banach, recordad que lo pod\u00e9is adquirir en la Biblioteca p\u00fablica de la Bisbal del Pened\u00e8s y en el Ayuntamiento por el precio de 10\u20ac.<\/p>\n","protected":false},"excerpt":{"rendered":"<p>Fins al 21 de maig podeu visitar l&#8217;exposici\u00f3 &#8220;Tota pedra fa paret. La pedra seca a Catalunya&#8221; a la sala gran del CMC. Est\u00e0 oberta cada tarda, de 17h a &hellip; <a href=\"https:\/\/bisbalpenedes.com\/web\/2021\/05\/11\/fins-al-21-de-maig-podeu-visitar-lexposicio-tota-pedra-fa-paret-la-pedra-seca-a-catalunya-al-cmc\/\" class=\"more-link\">Read More<\/a><\/p>\n","protected":false},"author":4,"featured_media":17706,"comment_status":"closed","ping_status":"closed","sticky":false,"template":"","format":"standard","meta":[],"categories":[2942,13,8],"tags":[86,4455,393,47,352],"_links":{"self":[{"href":"https:\/\/bisbalpenedes.com\/web\/wp-json\/wp\/v2\/posts\/17705"}],"collection":[{"href":"https:\/\/bisbalpenedes.com\/web\/wp-json\/wp\/v2\/posts"}],"about":[{"href":"https:\/\/bisbalpenedes.com\/web\/wp-json\/wp\/v2\/types\/post"}],"author":[{"embeddable":true,"href":"https:\/\/bisbalpenedes.com\/web\/wp-json\/wp\/v2\/users\/4"}],"replies":[{"embeddable":true,"href":"https:\/\/bisbalpenedes.com\/web\/wp-json\/wp\/v2\/comments?post=17705"}],"version-history":[{"count":1,"href":"https:\/\/bisbalpenedes.com\/web\/wp-json\/wp\/v2\/posts\/17705\/revisions"}],"predecessor-version":[{"id":17708,"href":"https:\/\/bisbalpenedes.com\/web\/wp-json\/wp\/v2\/posts\/17705\/revisions\/17708"}],"wp:featuredmedia":[{"embeddable":true,"href":"https:\/\/bisbalpenedes.com\/web\/wp-json\/wp\/v2\/media\/17706"}],"wp:attachment":[{"href":"https:\/\/bisbalpenedes.com\/web\/wp-json\/wp\/v2\/media?parent=17705"}],"wp:term":[{"taxonomy":"category","embeddable":true,"href":"https:\/\/bisbalpenedes.com\/web\/wp-json\/wp\/v2\/categories?post=17705"},{"taxonomy":"post_tag","embeddable":true,"href":"https:\/\/bisbalpenedes.com\/web\/wp-json\/wp\/v2\/tags?post=17705"}],"curies":[{"name":"wp","href":"https:\/\/api.w.org\/{rel}","templated":true}]}}