{"id":177,"date":"2012-10-09T18:59:12","date_gmt":"2012-10-09T12:59:12","guid":{"rendered":"http:\/\/bisbalpenedes.com\/web\/?p=177"},"modified":"2012-10-09T18:59:12","modified_gmt":"2012-10-09T12:59:12","slug":"com-van-les-obres-de-la-miralba","status":"publish","type":"post","link":"https:\/\/bisbalpenedes.com\/web\/2012\/10\/09\/com-van-les-obres-de-la-miralba\/","title":{"rendered":"Com van les Obres de la Miralba"},"content":{"rendered":"<p>es informar-los que les obres de la Urbanitzaci\u00f3 La Miralba ja estan gaireb\u00e9 enllestides i, nom\u00e9s manca posar en servei la instal\u2022laci\u00f3 de distribuci\u00f3 en Baixa Tensi\u00f3 i el canvi de cablejat del subministrament telef\u00f2nic fix d\u2019aeri passar\u00e0 a soterrat. Posteriorment, es realitzar\u00e0 la retirada dels pals o suports aeris que teniu actualment d\u2019aquests dos serveis.<\/p>\n<p>ENDESA ha entrat l\u2019expedient per la connexi\u00f3 de Mitja Tensi\u00f3 i Baixa Tensi\u00f3 al Departament d\u2019Empresa i Ocupaci\u00f3 de la Generalitat, perqu\u00e8 aquesta administraci\u00f3 els faciliti la data del desc\u00e0rrec, en el cas m\u00e9s extrem ser\u00e0 a principis del mes de novembre.<br \/>\nUs tornem a recordar, que cada habitatge amb escomesa i comptador d\u2019energia el\u00e8ctrica existent, haur\u00e0 d\u2019haver realitzat a finals d\u2019aquest mes d\u2019octubre el cablejat interior de la vostra parcel\u2022la des de l\u2019armari del comptador nou a l\u2019armari del comptador vell, aquesta connexi\u00f3 l\u2019haur\u00e0 de realitzar un instal\u2022lador autoritzat de la vostra confian\u00e7a. Penseu que el dia del desc\u00e0rrec es despla\u00e7ar\u00e0 el comptador existent al nou armari i els nous subministraments en baixa tensi\u00f3 fins a cada habitatge ser\u00e0 soterrat, sin\u00f3 teniu feta la connexi\u00f3 us quedareu sense llum al vostre habitatge fins que no ho adapteu, vosaltres ni cap instal\u2022lador autoritzat podeu manipular cap comptador el\u00e8ctric.<\/p>\n<p>TELEFONICA ens ha comunicat que la \u00faltima setmana d\u2019aquest mes d\u2019octubre te previst realitzar el canvi de cablejat d\u2019aeri a soterrat de tots els tel\u00e8fons fixos de la urbanitzaci\u00f3, en el cas m\u00e9s extrem ser\u00e0 a principis del mes de novembre.<br \/>\nUs tornem a recordar, que cada habitatge amb escomesa telef\u00f2nica a\u00e8ria existent haur\u00e0 d\u2019haver realitzat abans de finals d\u2019aquest mes d\u2019octubre l\u2019adequaci\u00f3 de la seva instal\u2022laci\u00f3 interior dins la vostra parcel\u2022la, des del tub soterrat que se us va deixar i teniu al costat de la vostra tanca fins la roseta de la vostra instal\u2022laci\u00f3 interior.<br \/>\nPenseu, que el  nous subministraments telef\u00f2nics fins a cada habitatge ser\u00e0 soterrat, sin\u00f3 teniu preparada la futura connexi\u00f3 us podreu quedar sense tel\u00e8fon fix i els que en tinguin ADSL, fins que no adapteu el nou sistema del vostre habitatge.<\/p>\n","protected":false},"excerpt":{"rendered":"<p>es informar-los que les obres de la Urbanitzaci\u00f3 La Miralba ja estan gaireb\u00e9 enllestides i, nom\u00e9s manca posar en servei la instal\u2022laci\u00f3 de distribuci\u00f3 en Baixa Tensi\u00f3 i el canvi &hellip; <a href=\"https:\/\/bisbalpenedes.com\/web\/2012\/10\/09\/com-van-les-obres-de-la-miralba\/\" class=\"more-link\">Read More<\/a><\/p>\n","protected":false},"author":1,"featured_media":178,"comment_status":"closed","ping_status":"open","sticky":false,"template":"","format":"standard","meta":[],"categories":[15],"tags":[22,21],"_links":{"self":[{"href":"https:\/\/bisbalpenedes.com\/web\/wp-json\/wp\/v2\/posts\/177"}],"collection":[{"href":"https:\/\/bisbalpenedes.com\/web\/wp-json\/wp\/v2\/posts"}],"about":[{"href":"https:\/\/bisbalpenedes.com\/web\/wp-json\/wp\/v2\/types\/post"}],"author":[{"embeddable":true,"href":"https:\/\/bisbalpenedes.com\/web\/wp-json\/wp\/v2\/users\/1"}],"replies":[{"embeddable":true,"href":"https:\/\/bisbalpenedes.com\/web\/wp-json\/wp\/v2\/comments?post=177"}],"version-history":[{"count":1,"href":"https:\/\/bisbalpenedes.com\/web\/wp-json\/wp\/v2\/posts\/177\/revisions"}],"predecessor-version":[{"id":179,"href":"https:\/\/bisbalpenedes.com\/web\/wp-json\/wp\/v2\/posts\/177\/revisions\/179"}],"wp:featuredmedia":[{"embeddable":true,"href":"https:\/\/bisbalpenedes.com\/web\/wp-json\/wp\/v2\/media\/178"}],"wp:attachment":[{"href":"https:\/\/bisbalpenedes.com\/web\/wp-json\/wp\/v2\/media?parent=177"}],"wp:term":[{"taxonomy":"category","embeddable":true,"href":"https:\/\/bisbalpenedes.com\/web\/wp-json\/wp\/v2\/categories?post=177"},{"taxonomy":"post_tag","embeddable":true,"href":"https:\/\/bisbalpenedes.com\/web\/wp-json\/wp\/v2\/tags?post=177"}],"curies":[{"name":"wp","href":"https:\/\/api.w.org\/{rel}","templated":true}]}}