{"id":17674,"date":"2021-05-10T12:17:45","date_gmt":"2021-05-10T10:17:45","guid":{"rendered":"https:\/\/bisbalpenedes.com\/web\/?p=17674"},"modified":"2021-05-10T12:17:45","modified_gmt":"2021-05-10T10:17:45","slug":"comenca-el-termini-de-preinscripcions-de-la-llar-dinfants-loreneta-de-la-bisbal-del-penedes","status":"publish","type":"post","link":"https:\/\/bisbalpenedes.com\/web\/2021\/05\/10\/comenca-el-termini-de-preinscripcions-de-la-llar-dinfants-loreneta-de-la-bisbal-del-penedes\/","title":{"rendered":"Comen\u00e7a el termini de preinscripcions de la Llar d&#8217;Infants l&#8217;Oreneta de la Bisbal del Pened\u00e8s"},"content":{"rendered":"\n<p>El termini per fer les preinscripcions a la Llar d&#8217;Infants l&#8217;Oreneta de La Bisbal del Pened\u00e8s s&#8217;ha obert avui dilluns 10 de maig. Us adjuntem un cartell informatiu. Podeu ampliar la informaci\u00f3 a <a rel=\"noreferrer noopener\" href=\"http:\/\/www.llardinfantsloreneta.cat\/?fbclid=IwAR3KQQdZBbn_L0lEb4C2oUcE0cWxWOG9_BWS-YU1dc_mbPd2s9Hm1wDB-eA\" target=\"_blank\">www.llardinfantsloreneta.cat<\/a><\/p>\n\n\n\n<hr class=\"wp-block-separator is-style-wide\"\/>\n\n\n\n<p>El plazo para hacer las preinscripciones en la Llar d&#8217;Infants l&#8217;Oreneta de La Bisbal del Pened\u00e8s se ha abierto hoy lunes 10 de mayo. Os adjuntamos un cartel informativo. Pod\u00e9is ampliar la informaci\u00f3n en <a rel=\"noreferrer noopener\" href=\"http:\/\/www.llardinfantsloreneta.cat\/?fbclid=IwAR0vJiuUUdWbeTjqt89MslYztRl-ZvTHnMNvoZpM3jDl772EPHZnyVTpXn0\" target=\"_blank\">www.llardinfantsloreneta.cat<\/a><\/p>\n","protected":false},"excerpt":{"rendered":"<p>El termini per fer les preinscripcions a la Llar d&#8217;Infants l&#8217;Oreneta de La Bisbal del Pened\u00e8s s&#8217;ha obert avui dilluns 10 de maig. Us adjuntem un cartell informatiu. Podeu ampliar &hellip; <a href=\"https:\/\/bisbalpenedes.com\/web\/2021\/05\/10\/comenca-el-termini-de-preinscripcions-de-la-llar-dinfants-loreneta-de-la-bisbal-del-penedes\/\" class=\"more-link\">Read More<\/a><\/p>\n","protected":false},"author":4,"featured_media":17198,"comment_status":"closed","ping_status":"closed","sticky":false,"template":"","format":"standard","meta":[],"categories":[3456,8],"tags":[4505,1090,393,272,1413],"_links":{"self":[{"href":"https:\/\/bisbalpenedes.com\/web\/wp-json\/wp\/v2\/posts\/17674"}],"collection":[{"href":"https:\/\/bisbalpenedes.com\/web\/wp-json\/wp\/v2\/posts"}],"about":[{"href":"https:\/\/bisbalpenedes.com\/web\/wp-json\/wp\/v2\/types\/post"}],"author":[{"embeddable":true,"href":"https:\/\/bisbalpenedes.com\/web\/wp-json\/wp\/v2\/users\/4"}],"replies":[{"embeddable":true,"href":"https:\/\/bisbalpenedes.com\/web\/wp-json\/wp\/v2\/comments?post=17674"}],"version-history":[{"count":1,"href":"https:\/\/bisbalpenedes.com\/web\/wp-json\/wp\/v2\/posts\/17674\/revisions"}],"predecessor-version":[{"id":17675,"href":"https:\/\/bisbalpenedes.com\/web\/wp-json\/wp\/v2\/posts\/17674\/revisions\/17675"}],"wp:featuredmedia":[{"embeddable":true,"href":"https:\/\/bisbalpenedes.com\/web\/wp-json\/wp\/v2\/media\/17198"}],"wp:attachment":[{"href":"https:\/\/bisbalpenedes.com\/web\/wp-json\/wp\/v2\/media?parent=17674"}],"wp:term":[{"taxonomy":"category","embeddable":true,"href":"https:\/\/bisbalpenedes.com\/web\/wp-json\/wp\/v2\/categories?post=17674"},{"taxonomy":"post_tag","embeddable":true,"href":"https:\/\/bisbalpenedes.com\/web\/wp-json\/wp\/v2\/tags?post=17674"}],"curies":[{"name":"wp","href":"https:\/\/api.w.org\/{rel}","templated":true}]}}