{"id":17668,"date":"2021-05-10T11:40:01","date_gmt":"2021-05-10T09:40:01","guid":{"rendered":"https:\/\/bisbalpenedes.com\/web\/?p=17668"},"modified":"2021-05-10T11:48:25","modified_gmt":"2021-05-10T09:48:25","slug":"si-vau-neixer-entre-el-1951-i-el-1961-ja-podeu-demanar-hora-per-vacunar-vos-contra-la-covid-19","status":"publish","type":"post","link":"https:\/\/bisbalpenedes.com\/web\/2021\/05\/10\/si-vau-neixer-entre-el-1951-i-el-1961-ja-podeu-demanar-hora-per-vacunar-vos-contra-la-covid-19\/","title":{"rendered":"Si vau n\u00e9ixer entre el 1951 i el 1965 ja podeu demanar hora per vacunar-vos contra la COVID-19"},"content":{"rendered":"\n<figure class=\"wp-block-image size-large\"><img loading=\"lazy\" width=\"526\" height=\"526\" src=\"https:\/\/bisbalpenedes.com\/web\/wp-content\/uploads\/2021\/05\/62-65-vacuna.jpeg\" alt=\"\" class=\"wp-image-17671\" srcset=\"https:\/\/bisbalpenedes.com\/web\/wp-content\/uploads\/2021\/05\/62-65-vacuna.jpeg 526w, https:\/\/bisbalpenedes.com\/web\/wp-content\/uploads\/2021\/05\/62-65-vacuna-300x300.jpeg 300w, https:\/\/bisbalpenedes.com\/web\/wp-content\/uploads\/2021\/05\/62-65-vacuna-100x100.jpeg 100w, https:\/\/bisbalpenedes.com\/web\/wp-content\/uploads\/2021\/05\/62-65-vacuna-150x150.jpeg 150w\" sizes=\"(max-width: 526px) 100vw, 526px\" \/><\/figure>\n\n\n\n<p>Si vau n\u00e9ixer entre el 1952 i el 1965, ja podeu demanar hora per vacunar-vos. Per demanar cita podeu accedir a l&#8217;enlla\u00e7: <a rel=\"noreferrer noopener\" href=\"http:\/\/vacunacovidsalut.cat\" target=\"_blank\">http:\/\/vacunacovidsalut.cat<\/a><\/p>\n\n\n\n<p><br>&#8212;<\/p>\n\n\n\n<p><br>Si nacist\u00e9is entre el 1952 y el 1965, ya pod\u00e9is pedir hora para vacunaros. Para pedir cita pod\u00e9is acceder al enlace: <a rel=\"noreferrer noopener\" href=\"http:\/\/vacunacovidsalut.cat\" target=\"_blank\">http:\/\/vacunacovidsalut.cat<br><\/a><\/p>\n","protected":false},"excerpt":{"rendered":"<p>Si vau n\u00e9ixer entre el 1952 i el 1965, ja podeu demanar hora per vacunar-vos. Per demanar cita podeu accedir a l&#8217;enlla\u00e7: http:\/\/vacunacovidsalut.cat &#8212; Si nacist\u00e9is entre el 1952 y &hellip; <a href=\"https:\/\/bisbalpenedes.com\/web\/2021\/05\/10\/si-vau-neixer-entre-el-1951-i-el-1961-ja-podeu-demanar-hora-per-vacunar-vos-contra-la-covid-19\/\" class=\"more-link\">Read More<\/a><\/p>\n","protected":false},"author":4,"featured_media":17669,"comment_status":"closed","ping_status":"closed","sticky":false,"template":"","format":"standard","meta":[],"categories":[3636,4095,8,14,2797],"tags":[3559,434,431],"_links":{"self":[{"href":"https:\/\/bisbalpenedes.com\/web\/wp-json\/wp\/v2\/posts\/17668"}],"collection":[{"href":"https:\/\/bisbalpenedes.com\/web\/wp-json\/wp\/v2\/posts"}],"about":[{"href":"https:\/\/bisbalpenedes.com\/web\/wp-json\/wp\/v2\/types\/post"}],"author":[{"embeddable":true,"href":"https:\/\/bisbalpenedes.com\/web\/wp-json\/wp\/v2\/users\/4"}],"replies":[{"embeddable":true,"href":"https:\/\/bisbalpenedes.com\/web\/wp-json\/wp\/v2\/comments?post=17668"}],"version-history":[{"count":2,"href":"https:\/\/bisbalpenedes.com\/web\/wp-json\/wp\/v2\/posts\/17668\/revisions"}],"predecessor-version":[{"id":17672,"href":"https:\/\/bisbalpenedes.com\/web\/wp-json\/wp\/v2\/posts\/17668\/revisions\/17672"}],"wp:featuredmedia":[{"embeddable":true,"href":"https:\/\/bisbalpenedes.com\/web\/wp-json\/wp\/v2\/media\/17669"}],"wp:attachment":[{"href":"https:\/\/bisbalpenedes.com\/web\/wp-json\/wp\/v2\/media?parent=17668"}],"wp:term":[{"taxonomy":"category","embeddable":true,"href":"https:\/\/bisbalpenedes.com\/web\/wp-json\/wp\/v2\/categories?post=17668"},{"taxonomy":"post_tag","embeddable":true,"href":"https:\/\/bisbalpenedes.com\/web\/wp-json\/wp\/v2\/tags?post=17668"}],"curies":[{"name":"wp","href":"https:\/\/api.w.org\/{rel}","templated":true}]}}