{"id":17664,"date":"2021-05-08T21:34:56","date_gmt":"2021-05-08T19:34:56","guid":{"rendered":"https:\/\/bisbalpenedes.com\/web\/?p=17664"},"modified":"2021-05-08T21:34:56","modified_gmt":"2021-05-08T19:34:56","slug":"noves-mesures-a-partir-del-diumenge-9-de-maig","status":"publish","type":"post","link":"https:\/\/bisbalpenedes.com\/web\/2021\/05\/08\/noves-mesures-a-partir-del-diumenge-9-de-maig\/","title":{"rendered":"Noves mesures a partir del diumenge 9 de maig"},"content":{"rendered":"\n<p>Dem\u00e0 diumenge 9 de maig entren en vigor noves mesures per la COVID-19 amb canvis destacables.<\/p>\n\n\n\n<p>Trobareu tota la informaci\u00f3 a l&#8217;enlla\u00e7:&nbsp;<\/p>\n\n\n\n<p><a href=\"https:\/\/interior.gencat.cat\/web\/.content\/home\/030_arees_dactuacio\/proteccio_civil\/consells_autoproteccio_emergencies\/coronavirus\/distribuidora-rebrots\/resum-mesures\/20210509_Resum_noves-mesures-covid19_CAT.pdf\">https:\/\/interior.gencat.cat\/web\/.content\/home\/030_arees_dactuacio\/proteccio_civil\/consells_autoproteccio_emergencies\/coronavirus\/distribuidora-rebrots\/resum-mesures\/20210509_Resum_noves-mesures-covid19_CAT.pdf<\/a><\/p>\n\n\n\n<hr class=\"wp-block-separator\"\/>\n\n\n\n<p>Ma\u00f1ana domingo 9 de mayo entran en vigor nuevas medidas por la COVID-19 con cambios destacables.<\/p>\n\n\n\n<p>Encontrar\u00e9is toda la informaci\u00f3n en este enlace:&nbsp;<a href=\"https:\/\/interior.gencat.cat\/web\/.content\/home\/030_arees_dactuacio\/proteccio_civil\/consells_autoproteccio_emergencies\/coronavirus\/distribuidora-rebrots\/resum-mesures\/20210509_Resum_noves-mesures-covid19_CAT.pdf\" target=\"_blank\" rel=\"noreferrer noopener\">https:\/\/interior.gencat.cat\/web\/.content\/home\/030_arees_dactuacio\/proteccio_civil\/consells_autoproteccio_emergencies\/coronavirus\/distribuidora-rebrots\/resum-mesures\/20210509_Resum_noves-mesures-covid19_CAT.pdf<\/a><\/p>\n","protected":false},"excerpt":{"rendered":"<p>Dem\u00e0 diumenge 9 de maig entren en vigor noves mesures per la COVID-19 amb canvis destacables. Trobareu tota la informaci\u00f3 a l&#8217;enlla\u00e7:&nbsp; https:\/\/interior.gencat.cat\/web\/.content\/home\/030_arees_dactuacio\/proteccio_civil\/consells_autoproteccio_emergencies\/coronavirus\/distribuidora-rebrots\/resum-mesures\/20210509_Resum_noves-mesures-covid19_CAT.pdf Ma\u00f1ana domingo 9 de mayo entran en &hellip; <a href=\"https:\/\/bisbalpenedes.com\/web\/2021\/05\/08\/noves-mesures-a-partir-del-diumenge-9-de-maig\/\" class=\"more-link\">Read More<\/a><\/p>\n","protected":false},"author":4,"featured_media":17665,"comment_status":"closed","ping_status":"closed","sticky":false,"template":"","format":"standard","meta":[],"categories":[3636,4095,8,14],"tags":[3550,3559,393,82,145],"_links":{"self":[{"href":"https:\/\/bisbalpenedes.com\/web\/wp-json\/wp\/v2\/posts\/17664"}],"collection":[{"href":"https:\/\/bisbalpenedes.com\/web\/wp-json\/wp\/v2\/posts"}],"about":[{"href":"https:\/\/bisbalpenedes.com\/web\/wp-json\/wp\/v2\/types\/post"}],"author":[{"embeddable":true,"href":"https:\/\/bisbalpenedes.com\/web\/wp-json\/wp\/v2\/users\/4"}],"replies":[{"embeddable":true,"href":"https:\/\/bisbalpenedes.com\/web\/wp-json\/wp\/v2\/comments?post=17664"}],"version-history":[{"count":1,"href":"https:\/\/bisbalpenedes.com\/web\/wp-json\/wp\/v2\/posts\/17664\/revisions"}],"predecessor-version":[{"id":17666,"href":"https:\/\/bisbalpenedes.com\/web\/wp-json\/wp\/v2\/posts\/17664\/revisions\/17666"}],"wp:featuredmedia":[{"embeddable":true,"href":"https:\/\/bisbalpenedes.com\/web\/wp-json\/wp\/v2\/media\/17665"}],"wp:attachment":[{"href":"https:\/\/bisbalpenedes.com\/web\/wp-json\/wp\/v2\/media?parent=17664"}],"wp:term":[{"taxonomy":"category","embeddable":true,"href":"https:\/\/bisbalpenedes.com\/web\/wp-json\/wp\/v2\/categories?post=17664"},{"taxonomy":"post_tag","embeddable":true,"href":"https:\/\/bisbalpenedes.com\/web\/wp-json\/wp\/v2\/tags?post=17664"}],"curies":[{"name":"wp","href":"https:\/\/api.w.org\/{rel}","templated":true}]}}