{"id":17657,"date":"2021-05-07T16:55:15","date_gmt":"2021-05-07T14:55:15","guid":{"rendered":"https:\/\/bisbalpenedes.com\/web\/?p=17657"},"modified":"2021-05-07T17:00:29","modified_gmt":"2021-05-07T15:00:29","slug":"el-dimecres-12-de-marc-a-les-18h-tindra-lloc-un-ple-extraordinari-a-lajuntament-de-la-bisbal-del-penedes","status":"publish","type":"post","link":"https:\/\/bisbalpenedes.com\/web\/2021\/05\/07\/el-dimecres-12-de-marc-a-les-18h-tindra-lloc-un-ple-extraordinari-a-lajuntament-de-la-bisbal-del-penedes\/","title":{"rendered":"El dimecres 12 de maig a les 18h tindr\u00e0 lloc un Ple extraordinari a l&#8217;Ajuntament de La Bisbal del Pened\u00e8s"},"content":{"rendered":"\n<p>El dimecres 12 de maig, a les 18h, tindr\u00e0 lloc un Ple extraordinari a l&#8217;Ajuntament de La Bisbal del Pened\u00e8s. El Ple se celebrar\u00e0 de forma presencial i a porta tancada, per poder garantir totes les mesures de prevenci\u00f3 de contagis per la COVID-19. Posteriorment publicarem el v\u00eddeo a Youtube.<\/p>\n\n\n\n<p>Els punts de l&#8217;ordre del dia s\u00f3n els seg\u00fcents:<\/p>\n\n\n\n<p>1.-Aprovaci\u00f3 de la massa salarial pel 2021<\/p>\n\n\n\n<p>2.-Delegaci\u00f3 del servei de recollida, tractament i eliminaci\u00f3 de residus al Consell Comarcal del Baix Pened\u00e8s<\/p>\n\n\n\n<hr class=\"wp-block-separator is-style-wide\"\/>\n\n\n\n<p>CASTELLANO | El mi\u00e9rcoles 12 mayo, a las 18h, tendr\u00e1 lugar un Pleno extraordinario en el Ayuntamiento de La Bisbal del Pened\u00e8s. El Pleno se celebrar\u00e1 de forma presencial y a puerta cerrada, para poder garantizar todas las medidas de prevenci\u00f3n de contagios por la COVID-19. Posteriormente publicaremos el v\u00eddeo en Youtube.<\/p>\n\n\n\n<p>Los puntos del orden del d\u00eda son los siguientes:<\/p>\n\n\n\n<p>1.-Aprobaci\u00f3n de la masa salarial para el 2021<\/p>\n\n\n\n<p>2.-Delegaci\u00f3n del servicio de recogida, tratamiento y eliminaci\u00f3n de residuos al Consell Comarcal del Baix Pened\u00e8s<\/p>\n","protected":false},"excerpt":{"rendered":"<p>El dimecres 12 de maig, a les 18h, tindr\u00e0 lloc un Ple extraordinari a l&#8217;Ajuntament de La Bisbal del Pened\u00e8s. El Ple se celebrar\u00e0 de forma presencial i a porta &hellip; <a href=\"https:\/\/bisbalpenedes.com\/web\/2021\/05\/07\/el-dimecres-12-de-marc-a-les-18h-tindra-lloc-un-ple-extraordinari-a-lajuntament-de-la-bisbal-del-penedes\/\" class=\"more-link\">Read More<\/a><\/p>\n","protected":false},"author":4,"featured_media":14975,"comment_status":"closed","ping_status":"closed","sticky":false,"template":"","format":"standard","meta":[],"categories":[8,2250],"tags":[4503,423,1182],"_links":{"self":[{"href":"https:\/\/bisbalpenedes.com\/web\/wp-json\/wp\/v2\/posts\/17657"}],"collection":[{"href":"https:\/\/bisbalpenedes.com\/web\/wp-json\/wp\/v2\/posts"}],"about":[{"href":"https:\/\/bisbalpenedes.com\/web\/wp-json\/wp\/v2\/types\/post"}],"author":[{"embeddable":true,"href":"https:\/\/bisbalpenedes.com\/web\/wp-json\/wp\/v2\/users\/4"}],"replies":[{"embeddable":true,"href":"https:\/\/bisbalpenedes.com\/web\/wp-json\/wp\/v2\/comments?post=17657"}],"version-history":[{"count":3,"href":"https:\/\/bisbalpenedes.com\/web\/wp-json\/wp\/v2\/posts\/17657\/revisions"}],"predecessor-version":[{"id":17663,"href":"https:\/\/bisbalpenedes.com\/web\/wp-json\/wp\/v2\/posts\/17657\/revisions\/17663"}],"wp:featuredmedia":[{"embeddable":true,"href":"https:\/\/bisbalpenedes.com\/web\/wp-json\/wp\/v2\/media\/14975"}],"wp:attachment":[{"href":"https:\/\/bisbalpenedes.com\/web\/wp-json\/wp\/v2\/media?parent=17657"}],"wp:term":[{"taxonomy":"category","embeddable":true,"href":"https:\/\/bisbalpenedes.com\/web\/wp-json\/wp\/v2\/categories?post=17657"},{"taxonomy":"post_tag","embeddable":true,"href":"https:\/\/bisbalpenedes.com\/web\/wp-json\/wp\/v2\/tags?post=17657"}],"curies":[{"name":"wp","href":"https:\/\/api.w.org\/{rel}","templated":true}]}}