{"id":17652,"date":"2021-05-07T12:40:26","date_gmt":"2021-05-07T10:40:26","guid":{"rendered":"https:\/\/bisbalpenedes.com\/web\/?p=17652"},"modified":"2021-05-07T12:41:23","modified_gmt":"2021-05-07T10:41:23","slug":"fins-a-la-setmana-vinent-trobareu-un-contenidor-per-a-reciclar-petits-aparells-electronics-al-cmc","status":"publish","type":"post","link":"https:\/\/bisbalpenedes.com\/web\/2021\/05\/07\/fins-a-la-setmana-vinent-trobareu-un-contenidor-per-a-reciclar-petits-aparells-electronics-al-cmc\/","title":{"rendered":"Fins a la setmana vinent trobareu un contenidor per a reciclar petits aparells electr\u00f2nics al CMC"},"content":{"rendered":"\n<p>Fins a finals de la setmana vinent trobareu un contenidor per a reciclar petits aparells electr\u00f2nics i electrodom\u00e8stics al CMC amb motiu dels actes programats en el marc de les activitats de la campanya a les Biblioteques P\u00fabliques de Catalunya per al reciclatge d&#8217;aparells el\u00e8ctrics i electr\u00f2nics.<\/p>\n\n\n\n<hr class=\"wp-block-separator is-style-wide\"\/>\n\n\n\n<p>Hasta finales de la semana que viene encontrar\u00e9is un contenedor para reciclar peque\u00f1os aparatos electr\u00f3nicos y electrodom\u00e9sticos en el CMC con motivo de los actos programados en el marco de las actividades de la campa\u00f1a en las Bibliotecas P\u00fablicas de Catalunya para el reciclaje de aparatos el\u00e9ctricos y electr\u00f3nicos.<\/p>\n\n\n\n<figure class=\"wp-block-image size-large\"><img loading=\"lazy\" width=\"1024\" height=\"1024\" src=\"https:\/\/bisbalpenedes.com\/web\/wp-content\/uploads\/2021\/05\/insta-canvia-el-xip-1-1024x1024.png\" alt=\"\" class=\"wp-image-17647\" srcset=\"https:\/\/bisbalpenedes.com\/web\/wp-content\/uploads\/2021\/05\/insta-canvia-el-xip-1-1024x1024.png 1024w, https:\/\/bisbalpenedes.com\/web\/wp-content\/uploads\/2021\/05\/insta-canvia-el-xip-1-300x300.png 300w, https:\/\/bisbalpenedes.com\/web\/wp-content\/uploads\/2021\/05\/insta-canvia-el-xip-1-100x100.png 100w, https:\/\/bisbalpenedes.com\/web\/wp-content\/uploads\/2021\/05\/insta-canvia-el-xip-1-600x600.png 600w, https:\/\/bisbalpenedes.com\/web\/wp-content\/uploads\/2021\/05\/insta-canvia-el-xip-1-150x150.png 150w, https:\/\/bisbalpenedes.com\/web\/wp-content\/uploads\/2021\/05\/insta-canvia-el-xip-1-768x768.png 768w, https:\/\/bisbalpenedes.com\/web\/wp-content\/uploads\/2021\/05\/insta-canvia-el-xip-1.png 1080w\" sizes=\"(max-width: 1024px) 100vw, 1024px\" \/><\/figure>\n","protected":false},"excerpt":{"rendered":"<p>Fins a finals de la setmana vinent trobareu un contenidor per a reciclar petits aparells electr\u00f2nics i electrodom\u00e8stics al CMC amb motiu dels actes programats en el marc de les &hellip; <a href=\"https:\/\/bisbalpenedes.com\/web\/2021\/05\/07\/fins-a-la-setmana-vinent-trobareu-un-contenidor-per-a-reciclar-petits-aparells-electronics-al-cmc\/\" class=\"more-link\">Read More<\/a><\/p>\n","protected":false},"author":4,"featured_media":17653,"comment_status":"closed","ping_status":"closed","sticky":false,"template":"","format":"standard","meta":[],"categories":[13,32,8],"tags":[180,4502,225,220,4500,4501,627],"_links":{"self":[{"href":"https:\/\/bisbalpenedes.com\/web\/wp-json\/wp\/v2\/posts\/17652"}],"collection":[{"href":"https:\/\/bisbalpenedes.com\/web\/wp-json\/wp\/v2\/posts"}],"about":[{"href":"https:\/\/bisbalpenedes.com\/web\/wp-json\/wp\/v2\/types\/post"}],"author":[{"embeddable":true,"href":"https:\/\/bisbalpenedes.com\/web\/wp-json\/wp\/v2\/users\/4"}],"replies":[{"embeddable":true,"href":"https:\/\/bisbalpenedes.com\/web\/wp-json\/wp\/v2\/comments?post=17652"}],"version-history":[{"count":2,"href":"https:\/\/bisbalpenedes.com\/web\/wp-json\/wp\/v2\/posts\/17652\/revisions"}],"predecessor-version":[{"id":17656,"href":"https:\/\/bisbalpenedes.com\/web\/wp-json\/wp\/v2\/posts\/17652\/revisions\/17656"}],"wp:featuredmedia":[{"embeddable":true,"href":"https:\/\/bisbalpenedes.com\/web\/wp-json\/wp\/v2\/media\/17653"}],"wp:attachment":[{"href":"https:\/\/bisbalpenedes.com\/web\/wp-json\/wp\/v2\/media?parent=17652"}],"wp:term":[{"taxonomy":"category","embeddable":true,"href":"https:\/\/bisbalpenedes.com\/web\/wp-json\/wp\/v2\/categories?post=17652"},{"taxonomy":"post_tag","embeddable":true,"href":"https:\/\/bisbalpenedes.com\/web\/wp-json\/wp\/v2\/tags?post=17652"}],"curies":[{"name":"wp","href":"https:\/\/api.w.org\/{rel}","templated":true}]}}