{"id":17649,"date":"2021-05-07T11:31:57","date_gmt":"2021-05-07T09:31:57","guid":{"rendered":"https:\/\/bisbalpenedes.com\/web\/?p=17649"},"modified":"2021-05-07T11:31:57","modified_gmt":"2021-05-07T09:31:57","slug":"a-partir-del-24-de-maig-podeu-participar-en-els-tallers-treballant-en-digital-adrecats-a-persones-de-totes-les-edats-i-professions","status":"publish","type":"post","link":"https:\/\/bisbalpenedes.com\/web\/2021\/05\/07\/a-partir-del-24-de-maig-podeu-participar-en-els-tallers-treballant-en-digital-adrecats-a-persones-de-totes-les-edats-i-professions\/","title":{"rendered":"A partir del 24 de maig podeu participar en els tallers &#8216;Treballant en digital&#8217; adre\u00e7ats a persones de totes les edats i professions"},"content":{"rendered":"\n<p>Durant aquest any 2021 es duran a terme 7 edicions dels tallers &#8216;Treballant en digital&#8217;, quatre d&#8217;elles a La Bisbal del Pened\u00e8s. L&#8217;objectiu d&#8217;aquests tallers \u00e9s con\u00e8ixer l&#8217;entorn digital per proporcionar autonomia i empoderar en els processos de la vida quotidiana, dotant d&#8217;eines que milloraran la recerca de feina. Per participar-hi cal que disposeu d&#8217;un <em>smartphone<\/em> i d&#8217;uns auriculars d&#8217;\u00fas individual. <\/p>\n\n\n\n<p>Podeu fer les vostres inscripcions a <a rel=\"noreferrer noopener\" href=\"https:\/\/bisbalpenedes.com\/web\/formacio\/\" target=\"_blank\">https:\/\/bisbalpenedes.com\/web\/formacio\/<\/a><\/p>\n\n\n\n<hr class=\"wp-block-separator is-style-wide\"\/>\n\n\n\n<p>Durante este a\u00f1o 2021 se llevar\u00e1n a cabo 7 ediciones de los talleres &#8220;Trabajando en digital&#8217;, cuatro de ellas en La Bisbal del Pened\u00e8s. El objetivo de estos talleres es conocer el entorno digital para proporcionar autonom\u00eda y empoderar en los procesos de la vida cotidiana, dotando de herramientas que mejorar\u00e1n la b\u00fasqueda de trabajo. Para participar en los talleres es necesario disponer de un <em>smartphone <\/em>y de unos auriculares de uso individual.<\/p>\n\n\n\n<p>Pod\u00e9is hacer vuestras inscripciones en <a href=\"https:\/\/bisbalpenedes.com\/web\/formacio\/\" target=\"_blank\" rel=\"noreferrer noopener\">https:\/\/bisbalpenedes.com\/web\/formacio\/<\/a><\/p>\n","protected":false},"excerpt":{"rendered":"<p>Durant aquest any 2021 es duran a terme 7 edicions dels tallers &#8216;Treballant en digital&#8217;, quatre d&#8217;elles a La Bisbal del Pened\u00e8s. L&#8217;objectiu d&#8217;aquests tallers \u00e9s con\u00e8ixer l&#8217;entorn digital per &hellip; <a href=\"https:\/\/bisbalpenedes.com\/web\/2021\/05\/07\/a-partir-del-24-de-maig-podeu-participar-en-els-tallers-treballant-en-digital-adrecats-a-persones-de-totes-les-edats-i-professions\/\" class=\"more-link\">Read More<\/a><\/p>\n","protected":false},"author":4,"featured_media":17650,"comment_status":"closed","ping_status":"closed","sticky":false,"template":"","format":"standard","meta":[],"categories":[8,9],"tags":[391,393,508,4499],"_links":{"self":[{"href":"https:\/\/bisbalpenedes.com\/web\/wp-json\/wp\/v2\/posts\/17649"}],"collection":[{"href":"https:\/\/bisbalpenedes.com\/web\/wp-json\/wp\/v2\/posts"}],"about":[{"href":"https:\/\/bisbalpenedes.com\/web\/wp-json\/wp\/v2\/types\/post"}],"author":[{"embeddable":true,"href":"https:\/\/bisbalpenedes.com\/web\/wp-json\/wp\/v2\/users\/4"}],"replies":[{"embeddable":true,"href":"https:\/\/bisbalpenedes.com\/web\/wp-json\/wp\/v2\/comments?post=17649"}],"version-history":[{"count":1,"href":"https:\/\/bisbalpenedes.com\/web\/wp-json\/wp\/v2\/posts\/17649\/revisions"}],"predecessor-version":[{"id":17651,"href":"https:\/\/bisbalpenedes.com\/web\/wp-json\/wp\/v2\/posts\/17649\/revisions\/17651"}],"wp:featuredmedia":[{"embeddable":true,"href":"https:\/\/bisbalpenedes.com\/web\/wp-json\/wp\/v2\/media\/17650"}],"wp:attachment":[{"href":"https:\/\/bisbalpenedes.com\/web\/wp-json\/wp\/v2\/media?parent=17649"}],"wp:term":[{"taxonomy":"category","embeddable":true,"href":"https:\/\/bisbalpenedes.com\/web\/wp-json\/wp\/v2\/categories?post=17649"},{"taxonomy":"post_tag","embeddable":true,"href":"https:\/\/bisbalpenedes.com\/web\/wp-json\/wp\/v2\/tags?post=17649"}],"curies":[{"name":"wp","href":"https:\/\/api.w.org\/{rel}","templated":true}]}}