{"id":1758,"date":"2016-08-01T14:23:32","date_gmt":"2016-08-01T08:23:32","guid":{"rendered":"http:\/\/bisbalpenedes.com\/web\/?p=1758"},"modified":"2016-08-01T14:24:35","modified_gmt":"2016-08-01T08:24:35","slug":"festa-major-2016","status":"publish","type":"post","link":"https:\/\/bisbalpenedes.com\/web\/2016\/08\/01\/festa-major-2016\/","title":{"rendered":"Festa Major 2016"},"content":{"rendered":"<p>PROGRAMA FESTA MAJOR 2016<br \/>\nLA BISBAL DEL PENED\u00c8S<br \/>\nDEL 10 AL 17 D\u2019AGOST<\/p>\n<p>Joan Amades, el gran estudi\u00f3s de les festes i tradicions catalanes explica al costumari catal\u00e0, que les festes majors s\u00f3n comunes al conjunt de pobles europeus i que tenen una ess\u00e8ncia i un origen com\u00fa. L\u2019origen s\u00f3n les creences primitives a l\u2019entorn de l\u2019exist\u00e8ncia de divinitats o genis, que s\u00f3n els posse\u00efdors dels fruits de la terra i s\u2019organitzaven celebracions festives per gaudir dels seus favors i per agrair les collites.<br \/>\nEn les celebracions el foc era un dels protagonistes. El foc \u00e9s un element ritual, s\u00edmbol de tenebres per\u00f2 tamb\u00e9 s\u00edmbol de purificaci\u00f3.<br \/>\nAntigament per la Festa Major s\u2019estrenaven vestits, joies i complements, arribant a quasi compet\u00e8ncia per impressionar en els balls de nit. Tamb\u00e9 \u00e9s quan es refeien matalassos i s\u2019emblanquinaven les cases.<br \/>\nLa Festa Major actual \u00e9s festa, tradici\u00f3 i punt de trobada familiar i d\u2019amics. \u00c9s s\u00edmbol d\u2019implicaci\u00f3 i participaci\u00f3 de totes les entitats, que s\u00f3n qui donen vida a alguns dels actes m\u00e9s singulars i populars.<br \/>\nComencem la Festa Major el diumenge 7 d\u2019agost amb el Tir al Plat i acabem el dimecres 17 d\u2019agost amb el lliurament de premis d\u2019Instagram, del VideoBox i de l\u2019Assass\u00ed de la Pastanaga, per\u00f2 entremig us convido a assistir i participar a tots els actes que organitzen les diferents entitats i l\u2019Ajuntament.<br \/>\nGaudiu, jugueu, rieu, balleu i encenem-ho tot!<br \/>\nAgn\u00e8s Ferr\u00e9 Ca\u00f1ellas, l\u2019alcaldessa<strong><\/p>\n<p><a href='http:\/\/bisbalpenedes.com\/web\/wp-content\/uploads\/2016\/08\/programa_Festa_Major_2016_def.pdf'>programa de la Festa Major 2016<\/a> en format PDF<\/p>\n<p><\/strong><\/p>\n","protected":false},"excerpt":{"rendered":"<p>PROGRAMA FESTA MAJOR 2016 LA BISBAL DEL PENED\u00c8S DEL 10 AL 17 D\u2019AGOST Joan Amades, el gran estudi\u00f3s de les festes i tradicions catalanes explica al costumari catal\u00e0, que les &hellip; <a href=\"https:\/\/bisbalpenedes.com\/web\/2016\/08\/01\/festa-major-2016\/\" class=\"more-link\">Read More<\/a><\/p>\n","protected":false},"author":1,"featured_media":1759,"comment_status":"closed","ping_status":"closed","sticky":false,"template":"","format":"standard","meta":[],"categories":[13],"tags":[78,79],"_links":{"self":[{"href":"https:\/\/bisbalpenedes.com\/web\/wp-json\/wp\/v2\/posts\/1758"}],"collection":[{"href":"https:\/\/bisbalpenedes.com\/web\/wp-json\/wp\/v2\/posts"}],"about":[{"href":"https:\/\/bisbalpenedes.com\/web\/wp-json\/wp\/v2\/types\/post"}],"author":[{"embeddable":true,"href":"https:\/\/bisbalpenedes.com\/web\/wp-json\/wp\/v2\/users\/1"}],"replies":[{"embeddable":true,"href":"https:\/\/bisbalpenedes.com\/web\/wp-json\/wp\/v2\/comments?post=1758"}],"version-history":[{"count":3,"href":"https:\/\/bisbalpenedes.com\/web\/wp-json\/wp\/v2\/posts\/1758\/revisions"}],"predecessor-version":[{"id":1762,"href":"https:\/\/bisbalpenedes.com\/web\/wp-json\/wp\/v2\/posts\/1758\/revisions\/1762"}],"wp:featuredmedia":[{"embeddable":true,"href":"https:\/\/bisbalpenedes.com\/web\/wp-json\/wp\/v2\/media\/1759"}],"wp:attachment":[{"href":"https:\/\/bisbalpenedes.com\/web\/wp-json\/wp\/v2\/media?parent=1758"}],"wp:term":[{"taxonomy":"category","embeddable":true,"href":"https:\/\/bisbalpenedes.com\/web\/wp-json\/wp\/v2\/categories?post=1758"},{"taxonomy":"post_tag","embeddable":true,"href":"https:\/\/bisbalpenedes.com\/web\/wp-json\/wp\/v2\/tags?post=1758"}],"curies":[{"name":"wp","href":"https:\/\/api.w.org\/{rel}","templated":true}]}}