{"id":17546,"date":"2021-05-04T17:20:11","date_gmt":"2021-05-04T15:20:11","guid":{"rendered":"https:\/\/bisbalpenedes.com\/web\/?p=17546"},"modified":"2021-05-04T17:22:43","modified_gmt":"2021-05-04T15:22:43","slug":"sadjudica-definitivament-i-se-signa-la-venda-dun-percentatge-de-parcella-del-poligon-industrial-de-propietat-municipal","status":"publish","type":"post","link":"https:\/\/bisbalpenedes.com\/web\/2021\/05\/04\/sadjudica-definitivament-i-se-signa-la-venda-dun-percentatge-de-parcella-del-poligon-industrial-de-propietat-municipal\/","title":{"rendered":"S\u2019adjudica definitivament i se signa la venda d\u2019un percentatge de parcel\u00b7la del pol\u00edgon industrial de propietat municipal"},"content":{"rendered":"\n<p>La Junta de Govern del 26 d\u2019abril va aprovar, a petici\u00f3 de la Regidoria d\u2019Urbanisme, l\u2019adjudicaci\u00f3 definitiva de la venda del 33,64% d\u2019una parcel\u00b7la del pol\u00edgon industrial Les Planes Baixes de propietat municipal a l\u2019empresa Codelfe Pened\u00e8s 2006 S.L. per un import de 529.373,29\u20ac. Aquest dilluns 3 de maig s\u2019ha signat la venda a la notaria.<\/p>\n\n\n\n<p>L\u2019Ajuntament era propietari d\u2019un 33,64% (3.532,54m2) i el 66,36% \u00e9s propietat d\u2019una empresa que, a finals de l\u2019any 2020, va realitzar una oferta de compra per la part de la parcel\u00b7la que era propietat de l\u2019Ajuntament de la Bisbal del Pened\u00e8s per un import de 529.904,03\u20ac. Despr\u00e9s que l\u2019Ajuntament reb\u00e9s l\u2019informe favorable de la Direcci\u00f3 general de l\u2019Administraci\u00f3 local del Departament de Governaci\u00f3, Administracions P\u00fabliques i Habitatge per dur a terme aquesta venda, es va tirar endavant la licitaci\u00f3, que ara conclou amb l\u2019adjudicaci\u00f3 definitiva de la venda i l\u2019esmentada signatura.<\/p>\n\n\n\n<p>L\u2019import de la venda es destinar\u00e0 al projecte de canvi i soterrament de l\u2019enllumenat p\u00fablic i les canonades d\u2019aigua del barri de la Riba, previst per al 2022. Es tracta d\u2019un projecte que tindr\u00e0 un cost de m\u00e9s d\u2019un mili\u00f3 d\u2019euros i que es finan\u00e7ar\u00e0, en part, amb la subvenci\u00f3 del Pla \u00danic d\u2019Obres i Serveis de Catalunya (PUOSC) 2020\/24 amb un import de 273.360,26\u20ac i amb el Pla d\u2019Acci\u00f3 Municipal (PAM) amb 335.000\u20ac.<\/p>\n\n\n\n<p>La compet\u00e8ncia d\u2019origen d\u2019aquest punt era del Ple, per\u00f2 es va aprovar amb compet\u00e8ncies delegades, aprovades mitjan\u00e7ant l\u2019acord plenari del 4 de juliol de 2019. Les sessions de la Junta de Govern Local no s\u00f3n p\u00fabliques, per\u00f2 quan s\u2019actua amb compet\u00e8ncies delegades del Ple, la sessi\u00f3 se sotmet als mateixos requisits de publicitat que les sessions del Ple, que s\u00ed que s\u00f3n p\u00fabliques. Aix\u00ed ho va declarar la STS 161\/2013, de 26 de setembre. Tenint en compte les mesures preses per evitar la propagaci\u00f3 de la COVID-19, aquests punts de l\u2019ordre del dia de la Junta de Govern Local no s\u2019han votat amb p\u00fablic, sin\u00f3 que s\u2019han gravat en v\u00eddeo i ara el publiquem per poder garantir aix\u00ed la seva publicitat. Per tot plegat, els regidors i regidores de l\u2019oposici\u00f3 \u2013que no formen part de la Junta de Govern local- van rebre la informaci\u00f3 sobre la proposta a la seva b\u00fastia de correu electr\u00f2nic.<\/p>\n\n\n\n<p>Enlla\u00e7 al v\u00eddeo: <a href=\"https:\/\/youtu.be\/U8RrlETnOhE\">https:\/\/youtu.be\/U8RrlETnOhE<\/a><\/p>\n\n\n\n<hr class=\"wp-block-separator\"\/>\n\n\n\n<p><strong>CASTELLANO |<\/strong> La Junta de Gobierno del 26 de abril aprob\u00f3, a petici\u00f3n de la Concejal\u00eda de Urbanismo, la adjudicaci\u00f3n definitiva de la venta del 33,64% de una parcela del pol\u00edgono industrial Les Planes Baixes de propiedad municipal a la empresa Codelfe Pened\u00e8s 2006 S.L. por un importe de 529.373,29\u20ac. Este lunes 3 de mayo se ha firmado la venta ante notario.<\/p>\n\n\n\n<p>El Ayuntamiento era propietario de un 33,64% (3.532,54m2) y el 66,36% es propiedad de una empresa que, a finales del a\u00f1o 2020, realiz\u00f3 una oferta de compra por la parte de la parcela que era propiedad del Ayuntamiento de la Bisbal del Pened\u00e8s por un importe de 529.904,03\u20ac. Despu\u00e9s de que el Ayuntamiento recibiera el informe favorable de la Direcci\u00f3n general de la Administraci\u00f3n local del Departamento de Gobernaci\u00f3n, Administraciones P\u00fablicas y Vivienda para llevar a cabo esta venta, se sac\u00f3 adelante la licitaci\u00f3n, que ahora concluye con la adjudicaci\u00f3n definitiva de la venta y la citada firma<\/p>\n\n\n\n<p>El importe de la venta se destinar\u00e1 al proyecto de cambio y soterramiento del alumbrado p\u00fablico y de las ca\u00f1er\u00edas de agua del barrio de la Riba, previsto para el 2022. Se trata de un proyecto que tendr\u00e1 un coste de m\u00e1s de un mill\u00f3n de euros y que se financiar\u00e1, en parte, con la subvenci\u00f3n del Plan \u00danico de Obras y Servicios de Catalunya (PUOSC) 2020\/24 con un importe de 273.360,26\u20ac y con el Plan de Acci\u00f3n Municipal (PAM) con 335.000\u20ac.<\/p>\n\n\n\n<p>La competencia de origen de este punto era del Pleno, pero se aprob\u00f3 con competencias delegadas, aprobadas mediante el acuerdo plenario del 4 de julio de 2019. Las sesiones de la Junta de Gobierno Local no son p\u00fablicas, pero cuando se act\u00faa con competencias delegadas del Pleno, la sesi\u00f3n se somete a los mismos requisitos de publicidad que las sesiones del Pleno, que s\u00ed que son p\u00fablicas. As\u00ed lo declar\u00f3 la STS 161\/2013, de 26 de septiembre. Teniendo en cuenta las medidas tomadas para evitar la propagaci\u00f3n de la COVID-19, estos puntos del orden del d\u00eda de la Junta de Gobierno Local no se han votado con p\u00fablico, sino que se han grabado en video y ahora lo publicamos para poder garantizar as\u00ed su publicidad. Por todo ello, los concejales y concejalas de la oposici\u00f3n \u2013que no forman parte de la Junta de Gobierno local- recibieron la informaci\u00f3n sobre la propuesta a su buz\u00f3n de correo electr\u00f3nico.<\/p>\n\n\n\n<p>Enlace al video: <a href=\"https:\/\/youtu.be\/U8RrlETnOhE\">https:\/\/youtu.be\/U8RrlETnOhE<\/a><\/p>\n","protected":false},"excerpt":{"rendered":"<p>La Junta de Govern del 26 d\u2019abril va aprovar, a petici\u00f3 de la Regidoria d\u2019Urbanisme, l\u2019adjudicaci\u00f3 definitiva de la venda del 33,64% d\u2019una parcel\u00b7la del pol\u00edgon industrial Les Planes Baixes &hellip; <a href=\"https:\/\/bisbalpenedes.com\/web\/2021\/05\/04\/sadjudica-definitivament-i-se-signa-la-venda-dun-percentatge-de-parcella-del-poligon-industrial-de-propietat-municipal\/\" class=\"more-link\">Read More<\/a><\/p>\n","protected":false},"author":4,"featured_media":17555,"comment_status":"closed","ping_status":"closed","sticky":false,"template":"","format":"standard","meta":[],"categories":[3085,8,15],"tags":[686,2770,2573,4489,4373],"_links":{"self":[{"href":"https:\/\/bisbalpenedes.com\/web\/wp-json\/wp\/v2\/posts\/17546"}],"collection":[{"href":"https:\/\/bisbalpenedes.com\/web\/wp-json\/wp\/v2\/posts"}],"about":[{"href":"https:\/\/bisbalpenedes.com\/web\/wp-json\/wp\/v2\/types\/post"}],"author":[{"embeddable":true,"href":"https:\/\/bisbalpenedes.com\/web\/wp-json\/wp\/v2\/users\/4"}],"replies":[{"embeddable":true,"href":"https:\/\/bisbalpenedes.com\/web\/wp-json\/wp\/v2\/comments?post=17546"}],"version-history":[{"count":1,"href":"https:\/\/bisbalpenedes.com\/web\/wp-json\/wp\/v2\/posts\/17546\/revisions"}],"predecessor-version":[{"id":17547,"href":"https:\/\/bisbalpenedes.com\/web\/wp-json\/wp\/v2\/posts\/17546\/revisions\/17547"}],"wp:featuredmedia":[{"embeddable":true,"href":"https:\/\/bisbalpenedes.com\/web\/wp-json\/wp\/v2\/media\/17555"}],"wp:attachment":[{"href":"https:\/\/bisbalpenedes.com\/web\/wp-json\/wp\/v2\/media?parent=17546"}],"wp:term":[{"taxonomy":"category","embeddable":true,"href":"https:\/\/bisbalpenedes.com\/web\/wp-json\/wp\/v2\/categories?post=17546"},{"taxonomy":"post_tag","embeddable":true,"href":"https:\/\/bisbalpenedes.com\/web\/wp-json\/wp\/v2\/tags?post=17546"}],"curies":[{"name":"wp","href":"https:\/\/api.w.org\/{rel}","templated":true}]}}