{"id":17540,"date":"2021-05-03T20:33:12","date_gmt":"2021-05-03T18:33:12","guid":{"rendered":"https:\/\/bisbalpenedes.com\/web\/?p=17540"},"modified":"2021-05-03T20:33:12","modified_gmt":"2021-05-03T18:33:12","slug":"aquest-maig-parlem-del-reciclatge-de-residus-daparells-electrics-i-electronics-a-la-biblioteca","status":"publish","type":"post","link":"https:\/\/bisbalpenedes.com\/web\/2021\/05\/03\/aquest-maig-parlem-del-reciclatge-de-residus-daparells-electrics-i-electronics-a-la-biblioteca\/","title":{"rendered":"Aquest maig parlem del reciclatge de residus d\u2019aparells el\u00e8ctrics i electr\u00f2nics a la Biblioteca"},"content":{"rendered":"\n<p>Aquest mes de maig la Biblioteca acull les activitats de la campanya per al reciclatge d\u2019aparells el\u00e8ctrics i electr\u00f2nics de les Biblioteques de Catalunya.<\/p>\n\n\n\n<p>Del 4 al 10 de maig podreu visitar l\u2019exposici\u00f3 d\u2019aparells el\u00e8ctrics i electr\u00f2nics a la Biblioteca p\u00fablica.<\/p>\n\n\n\n<p>El dimecres 19 de maig, a les 17h, es dur\u00e0 a terme l\u2019activitat \u201cCanvia el xip: recicla\u2019ls\u201d per a infants de 4 a 10 anys. A trav\u00e9s de la m\u00e0gia, un divertit conte i un original taller, descobrireu la import\u00e0ncia de reciclar i llen\u00e7ar correctament els aparells el\u00e8ctrics i electr\u00f2nics.<\/p>\n\n\n\n<p>El divendres 21 de maig, a les 19:30h, s\u2019oferir\u00e0 la xerrada \u201cEls petits electrodom\u00e8stics: com cuidar-los i fer reparacions senzilles\u201d adre\u00e7ada al p\u00fablic adult.<\/p>\n\n\n\n<p>Inscripcions obligat\u00f2ries escrivint un Whatsapp als tel\u00e8fons 601 900 588 o 608 568 881 o enviant un correu electr\u00f2nic a <a href=\"mailto:biblioteca@bisbalpenedes.com\">biblioteca@bisbalpenedes.com<\/a><\/p>\n\n\n\n<hr class=\"wp-block-separator is-style-wide\"\/>\n\n\n\n<p><strong>CASTELLANO |<\/strong> Este mes de mayo la Biblioteca acoge las actividades de la campa\u00f1a para el reciclaje de aparatos electricos y electr\u00f3nicos de las Bibliotecas de Catalunya.<\/p>\n\n\n\n<p>Del 4 al 10 de mayo podr\u00e9is visitar la exposici\u00f3n de aparatos electricos y electr\u00f3nicos en la Biblioteca p\u00fablica.<\/p>\n\n\n\n<p>El mi\u00e9rcoles 19 de mayo, a las 17h, se llevar\u00e1 a cabo la actividad \u201cCambia el chip: rec\u00edclalos\u201d para ni\u00f1os y ni\u00f1as de 4 a 10 a\u00f1os. A trav\u00e9s de la magia, un divertido cuento y un original taller, descubrir\u00e9is la importancia de reciclar y desechar correctamente los aparatos el\u00e9ctricos y electr\u00f3nicos\u201d.<\/p>\n\n\n\n<p>El viernes 21 de mayo, a las 19:30h, se ofrecer\u00e1 la charla \u201cLos peque\u00f1os electrodom\u00e9sticos: c\u00f3mo cuidarlos y hacer reparaciones sencillas\u201d dirigida al p\u00fablico adulto.<\/p>\n\n\n\n<p>Inscripciones obligatorias escribiendo un Whatsapp a los tel\u00e9fonos 601 900 588 o 608 568 881 o mandando un correo electr\u00f3nico a <a href=\"mailto:biblioteca@bisbalpenedes.com\">biblioteca@bisbalpenedes.com<\/a><\/p>\n","protected":false},"excerpt":{"rendered":"<p>Aquest mes de maig la Biblioteca acull les activitats de la campanya per al reciclatge d\u2019aparells el\u00e8ctrics i electr\u00f2nics de les Biblioteques de Catalunya. Del 4 al 10 de maig &hellip; <a href=\"https:\/\/bisbalpenedes.com\/web\/2021\/05\/03\/aquest-maig-parlem-del-reciclatge-de-residus-daparells-electrics-i-electronics-a-la-biblioteca\/\" class=\"more-link\">Read More<\/a><\/p>\n","protected":false},"author":4,"featured_media":17541,"comment_status":"closed","ping_status":"closed","sticky":false,"template":"","format":"standard","meta":[],"categories":[2942,13,8],"tags":[2681,4488,421,225,86,393,627,45],"_links":{"self":[{"href":"https:\/\/bisbalpenedes.com\/web\/wp-json\/wp\/v2\/posts\/17540"}],"collection":[{"href":"https:\/\/bisbalpenedes.com\/web\/wp-json\/wp\/v2\/posts"}],"about":[{"href":"https:\/\/bisbalpenedes.com\/web\/wp-json\/wp\/v2\/types\/post"}],"author":[{"embeddable":true,"href":"https:\/\/bisbalpenedes.com\/web\/wp-json\/wp\/v2\/users\/4"}],"replies":[{"embeddable":true,"href":"https:\/\/bisbalpenedes.com\/web\/wp-json\/wp\/v2\/comments?post=17540"}],"version-history":[{"count":1,"href":"https:\/\/bisbalpenedes.com\/web\/wp-json\/wp\/v2\/posts\/17540\/revisions"}],"predecessor-version":[{"id":17542,"href":"https:\/\/bisbalpenedes.com\/web\/wp-json\/wp\/v2\/posts\/17540\/revisions\/17542"}],"wp:featuredmedia":[{"embeddable":true,"href":"https:\/\/bisbalpenedes.com\/web\/wp-json\/wp\/v2\/media\/17541"}],"wp:attachment":[{"href":"https:\/\/bisbalpenedes.com\/web\/wp-json\/wp\/v2\/media?parent=17540"}],"wp:term":[{"taxonomy":"category","embeddable":true,"href":"https:\/\/bisbalpenedes.com\/web\/wp-json\/wp\/v2\/categories?post=17540"},{"taxonomy":"post_tag","embeddable":true,"href":"https:\/\/bisbalpenedes.com\/web\/wp-json\/wp\/v2\/tags?post=17540"}],"curies":[{"name":"wp","href":"https:\/\/api.w.org\/{rel}","templated":true}]}}