{"id":17537,"date":"2021-05-03T07:41:51","date_gmt":"2021-05-03T05:41:51","guid":{"rendered":"https:\/\/bisbalpenedes.com\/web\/?p=17537"},"modified":"2021-05-03T07:41:51","modified_gmt":"2021-05-03T05:41:51","slug":"el-dissabte-29-de-maig-a-les-19h-projectarem-la-pellicula-la-vampira-de-barcelona-del-cicle-gaudi-al-cmc","status":"publish","type":"post","link":"https:\/\/bisbalpenedes.com\/web\/2021\/05\/03\/el-dissabte-29-de-maig-a-les-19h-projectarem-la-pellicula-la-vampira-de-barcelona-del-cicle-gaudi-al-cmc\/","title":{"rendered":"El dissabte 29 de maig a les 19h projectarem la pel\u00b7l\u00edcula \u201cLa vampira de Barcelona\u201d del Cicle Gaud\u00ed al CMC"},"content":{"rendered":"\n<p>El proper dissabte 29 d\u2019abril, a les 19h, projectarem la pel\u00b7l\u00edcula <strong>\u201cLa vampira de Barcelona\u201d <\/strong>del Cicle Gaud\u00ed al Centre Municipal de Cultura. Aquest llargmetratge va guanyar el Premi Gaud\u00ed a Millor pel\u00b7l\u00edcula i es va endur els reconeixements a Millor direcci\u00f3 art\u00edstica, millor vestuari, millors efectes visuals i el Millor maquillatge i perruqueria.<\/p>\n\n\n\n<p>El preu general de l\u2019entrada \u00e9s de 4,5\u20ac i s\u2019ofereix un preu redu\u00eft de 3\u20ac presentant el carnet de la Biblioteca Municipal de la Bisbal.<\/p>\n\n\n\n<p>Quant a la recaptaci\u00f3, aquesta es destinar\u00e0 a l\u2019entitat del poble que gestioni la venda d\u2019entrades en cada projecci\u00f3, en aquest cas se n\u2019ocupar\u00e0 <strong>Senderistes Bisbalencs.<\/strong><\/p>\n\n\n\n<p>Les taquilles s\u2019obriran 30 minuts abans amb l\u2019objectiu de tenir un control dels assistents i poder-los ubicar respectant totes les mesures de seguretat per la Covid-19. L\u2019aforament ser\u00e0 limitat.<\/p>\n\n\n\n<p><strong>FITXA T\u00c8CNICA<\/strong><\/p>\n\n\n\n<p>Direcci\u00f3: Llu\u00eds Dan\u00e9s<\/p>\n\n\n\n<p>Gui\u00f3: Llu\u00eds A. Mart\u00ednez, Mar\u00eda Ja\u00e9n<\/p>\n\n\n\n<p>Direcci\u00f3 de fotografia: Josep Maria Civit, AEC<\/p>\n\n\n\n<p>Direcci\u00f3 Art\u00edstica: Llu\u00eds Dan\u00e9s<\/p>\n\n\n\n<p>Vestuari: Merc\u00e8 Paloma<\/p>\n\n\n\n<p>M\u00fasica: Alfred Tapscott<\/p>\n\n\n\n<p>Estrena: Desembre de 2020<\/p>\n\n\n\n<p>Durada: 106 min.<\/p>\n\n\n\n<p>G\u00e8nere: Thriller<\/p>\n\n\n\n<p>Int\u00e8rprets: Nora Navas, Roger Casamaj\u00f3, Bruna Cus\u00ed, Pablo Derqui, Mario Gas, Francesca Pi\u00f1\u00f3n, Sergi L\u00f3pez, N\u00faria Prims, Francesc Orella.<\/p>\n\n\n\n<p><strong>SINOPSI<\/strong><\/p>\n\n\n\n<p>A la Barcelona de principis del segle XX hi conviuen dues ciutats: una burgesa i una modernista, l\u2019altra s\u00f2rdida i bruta. La desaparici\u00f3 de la petita Teresa Guitart, filla d\u2019una rica fam\u00edlia, commociona el pa\u00eds i la policia t\u00e9 aviat una sospitosa: Enriqueta Mart\u00ed, coneguda com \u2018La Vampira del Raval\u2019. El periodista Sebasti\u00e0 Comas s\u2019endinsar\u00e0 en el laberint de carrers, bordells i secrets del barri del Raval, on sap que trobar\u00e0 la veritat sobre les desaparicions i assassinats macabres de nens dels quals s\u2019acusa la Vampira. Aviat descobrir\u00e0 que all\u00e0 s\u2019amaga una elit disposada a ocultar els seus vicis a qualsevol preu.<\/p>\n\n\n\n<figure class=\"wp-block-embed is-type-video is-provider-youtube wp-block-embed-youtube wp-embed-aspect-16-9 wp-has-aspect-ratio\"><div class=\"wp-block-embed__wrapper\">\n<iframe loading=\"lazy\" title=\"Cicle Gaud\u00ed: &quot;La vampira de Barcelona&quot;\" width=\"1170\" height=\"658\" src=\"https:\/\/www.youtube.com\/embed\/tU2vVw47mno?feature=oembed\" frameborder=\"0\" allow=\"accelerometer; autoplay; clipboard-write; encrypted-media; gyroscope; picture-in-picture\" allowfullscreen><\/iframe>\n<\/div><\/figure>\n\n\n\n<hr class=\"wp-block-separator is-style-wide\"\/>\n\n\n\n<p><strong>CASTELLANO |<\/strong> El pr\u00f3ximo s\u00e1bado 29 de abril, a las 19h, proyectaremos la pel\u00edcula <strong>\u201cLa Vampira de Barcelona\u201d<\/strong> del Cicle Gaud\u00ed \u00a0al Centre Municipal de Cultura. Este largometraje gan\u00f3 el Premio Gaud\u00ed a Mejor pel\u00edcula y se llev\u00f3 los reconocimientos a Mejor direcci\u00f3n art\u00edstica, mejor vestuario, mejores efectos visuales y Mejor maquillaje y peluquer\u00eda.<\/p>\n\n\n\n<p>El precio general de la entrada es de 4,5\u20ac y se ofrece un precio reducido de 3\u20ac presentando el carn\u00e9 de la Biblioteca Municipal de la Bisbal.<\/p>\n\n\n\n<p>En cuanto a la recaudaci\u00f3n, esta se destinar\u00e1 a la entidad del pueblo que gestione la venta de entradas en cada proyecci\u00f3n, en este caso se ocupar\u00e1 de esta tarea la entidad <strong>Senderistes Bisbalencs.<\/strong><\/p>\n\n\n\n<p><strong>FICHA T\u00c9CNICA<\/strong><\/p>\n\n\n\n<p>Direcci\u00f3n: Llu\u00eds Dan\u00e9s<\/p>\n\n\n\n<p>Gui\u00f3n: Llu\u00eds A. Mart\u00ednez, Mar\u00eda Ja\u00e9n<\/p>\n\n\n\n<p>Direcci\u00f3n de fotograf\u00eda: Josep Maria Civit, AEC<\/p>\n\n\n\n<p>Direcci\u00f3n Art\u00edstica: Llu\u00eds Dan\u00e9s<\/p>\n\n\n\n<p>Vestuario: Merc\u00e8 Paloma<\/p>\n\n\n\n<p>M\u00fasica: Alfred Tapscott<\/p>\n\n\n\n<p>Estreno: Desembre de 2020<\/p>\n\n\n\n<p>Duraci\u00f3n: 106 min.<\/p>\n\n\n\n<p>G\u00e9nero: Thriller<\/p>\n\n\n\n<p>Int\u00e9rpretes: Nora Navas, Roger Casamaj\u00f3, Bruna Cus\u00ed, Pablo Derqui, Mario Gas, Francesca Pi\u00f1\u00f3n, Sergi L\u00f3pez, N\u00faria Prims, Francesc Orella.<\/p>\n\n\n\n<p><strong>SINOPSIS<\/strong><\/p>\n\n\n\n<p>En la Barcelona de principios del siglo XX conviven dos ciudades: una burgesa y una modernista, la otra s\u00f3rdida y sucia. La desaparici\u00f3n de la peque\u00f1a Teresa Guitart, hija de una rica familia, conmociona el pa\u00eds y la polic\u00eda tiene pronto sospechas de Enriqueta Mart\u00ed, conocida como \u2018La Vampira del Raval\u2019. El periodista Sebasti\u00e0 Comas se adentrar\u00e1 en el laberinto de calles, burdeles y secretos del barrio del Raval, donde sabe que encontrar\u00e1 la verdad sobre las desapariciones y asesinatos macabros de ni\u00f1os de los cuales se acusa a la Vampira. Pronto descubrir\u00e1 que all\u00ed se esconde una \u00e9lite dispuesta a ocultar sus vicios a cualquier precio.<\/p>\n","protected":false},"excerpt":{"rendered":"<p>El proper dissabte 29 d\u2019abril, a les 19h, projectarem la pel\u00b7l\u00edcula \u201cLa vampira de Barcelona\u201d del Cicle Gaud\u00ed al Centre Municipal de Cultura. Aquest llargmetratge va guanyar el Premi Gaud\u00ed &hellip; <a href=\"https:\/\/bisbalpenedes.com\/web\/2021\/05\/03\/el-dissabte-29-de-maig-a-les-19h-projectarem-la-pellicula-la-vampira-de-barcelona-del-cicle-gaudi-al-cmc\/\" class=\"more-link\">Read More<\/a><\/p>\n","protected":false},"author":4,"featured_media":17538,"comment_status":"closed","ping_status":"closed","sticky":false,"template":"","format":"standard","meta":[],"categories":[2942,13,8],"tags":[459,2930,308,307,226,393,4487,1374,350,856],"_links":{"self":[{"href":"https:\/\/bisbalpenedes.com\/web\/wp-json\/wp\/v2\/posts\/17537"}],"collection":[{"href":"https:\/\/bisbalpenedes.com\/web\/wp-json\/wp\/v2\/posts"}],"about":[{"href":"https:\/\/bisbalpenedes.com\/web\/wp-json\/wp\/v2\/types\/post"}],"author":[{"embeddable":true,"href":"https:\/\/bisbalpenedes.com\/web\/wp-json\/wp\/v2\/users\/4"}],"replies":[{"embeddable":true,"href":"https:\/\/bisbalpenedes.com\/web\/wp-json\/wp\/v2\/comments?post=17537"}],"version-history":[{"count":1,"href":"https:\/\/bisbalpenedes.com\/web\/wp-json\/wp\/v2\/posts\/17537\/revisions"}],"predecessor-version":[{"id":17539,"href":"https:\/\/bisbalpenedes.com\/web\/wp-json\/wp\/v2\/posts\/17537\/revisions\/17539"}],"wp:featuredmedia":[{"embeddable":true,"href":"https:\/\/bisbalpenedes.com\/web\/wp-json\/wp\/v2\/media\/17538"}],"wp:attachment":[{"href":"https:\/\/bisbalpenedes.com\/web\/wp-json\/wp\/v2\/media?parent=17537"}],"wp:term":[{"taxonomy":"category","embeddable":true,"href":"https:\/\/bisbalpenedes.com\/web\/wp-json\/wp\/v2\/categories?post=17537"},{"taxonomy":"post_tag","embeddable":true,"href":"https:\/\/bisbalpenedes.com\/web\/wp-json\/wp\/v2\/tags?post=17537"}],"curies":[{"name":"wp","href":"https:\/\/api.w.org\/{rel}","templated":true}]}}