{"id":1753,"date":"2016-07-26T18:20:05","date_gmt":"2016-07-26T12:20:05","guid":{"rendered":"http:\/\/bisbalpenedes.com\/web\/?p=1753"},"modified":"2016-07-26T18:21:18","modified_gmt":"2016-07-26T12:21:18","slug":"exposicions-republica-i-guerra","status":"publish","type":"post","link":"https:\/\/bisbalpenedes.com\/web\/2016\/07\/26\/exposicions-republica-i-guerra\/","title":{"rendered":"Exposicions &#8211; Rep\u00fablica i guerra &#8211;"},"content":{"rendered":"<p>L&#8217;Ajuntament informa que a partir de dem\u00e0 27 de juliol i fins el dia 6 d&#8217;agost restaran obertes al p\u00fablic a la sala gran del CMC (segona planta) les exposicions &#8220;La primavera republicana al Pened\u00e8s, 1931-1936&#8221;, de l&#8217;Institut d&#8217;Estudis Penedesencs, i &#8220;La cat\u00e0strofe de les guerres, guerra, v\u00edctimes de l&#8217;exili, refugiats&#8221;. Horari de visita de 16:30h a 20:30h.<\/p>\n<p><a href=\"http:\/\/bisbalpenedes.com\/web\/wp-content\/uploads\/2016\/07\/REPUBLICA_EXPO.jpg\"><img loading=\"lazy\" src=\"http:\/\/bisbalpenedes.com\/web\/wp-content\/uploads\/2016\/07\/REPUBLICA_EXPO.jpg\" alt=\"\" title=\"REPUBLICA_EXPO\" width=\"924\" height=\"544\" class=\"alignleft size-full wp-image-1754\" srcset=\"https:\/\/bisbalpenedes.com\/web\/wp-content\/uploads\/2016\/07\/REPUBLICA_EXPO.jpg 924w, https:\/\/bisbalpenedes.com\/web\/wp-content\/uploads\/2016\/07\/REPUBLICA_EXPO-600x353.jpg 600w, https:\/\/bisbalpenedes.com\/web\/wp-content\/uploads\/2016\/07\/REPUBLICA_EXPO-300x176.jpg 300w\" sizes=\"(max-width: 924px) 100vw, 924px\" \/><\/a><\/p>\n","protected":false},"excerpt":{"rendered":"<p>L&#8217;Ajuntament informa que a partir de dem\u00e0 27 de juliol i fins el dia 6 d&#8217;agost restaran obertes al p\u00fablic a la sala gran del CMC (segona planta) les exposicions &hellip; <a href=\"https:\/\/bisbalpenedes.com\/web\/2016\/07\/26\/exposicions-republica-i-guerra\/\" class=\"more-link\">Read More<\/a><\/p>\n","protected":false},"author":1,"featured_media":1754,"comment_status":"closed","ping_status":"closed","sticky":false,"template":"","format":"standard","meta":[],"categories":[13],"tags":[86,197],"_links":{"self":[{"href":"https:\/\/bisbalpenedes.com\/web\/wp-json\/wp\/v2\/posts\/1753"}],"collection":[{"href":"https:\/\/bisbalpenedes.com\/web\/wp-json\/wp\/v2\/posts"}],"about":[{"href":"https:\/\/bisbalpenedes.com\/web\/wp-json\/wp\/v2\/types\/post"}],"author":[{"embeddable":true,"href":"https:\/\/bisbalpenedes.com\/web\/wp-json\/wp\/v2\/users\/1"}],"replies":[{"embeddable":true,"href":"https:\/\/bisbalpenedes.com\/web\/wp-json\/wp\/v2\/comments?post=1753"}],"version-history":[{"count":2,"href":"https:\/\/bisbalpenedes.com\/web\/wp-json\/wp\/v2\/posts\/1753\/revisions"}],"predecessor-version":[{"id":1756,"href":"https:\/\/bisbalpenedes.com\/web\/wp-json\/wp\/v2\/posts\/1753\/revisions\/1756"}],"wp:featuredmedia":[{"embeddable":true,"href":"https:\/\/bisbalpenedes.com\/web\/wp-json\/wp\/v2\/media\/1754"}],"wp:attachment":[{"href":"https:\/\/bisbalpenedes.com\/web\/wp-json\/wp\/v2\/media?parent=1753"}],"wp:term":[{"taxonomy":"category","embeddable":true,"href":"https:\/\/bisbalpenedes.com\/web\/wp-json\/wp\/v2\/categories?post=1753"},{"taxonomy":"post_tag","embeddable":true,"href":"https:\/\/bisbalpenedes.com\/web\/wp-json\/wp\/v2\/tags?post=1753"}],"curies":[{"name":"wp","href":"https:\/\/api.w.org\/{rel}","templated":true}]}}