{"id":17518,"date":"2021-05-02T17:00:00","date_gmt":"2021-05-02T15:00:00","guid":{"rendered":"https:\/\/bisbalpenedes.com\/web\/?p=17518"},"modified":"2021-04-30T20:34:06","modified_gmt":"2021-04-30T18:34:06","slug":"modificacio-puntual-al-mes-de-maig-de-lhorari-de-la-biblioteca","status":"publish","type":"post","link":"https:\/\/bisbalpenedes.com\/web\/2021\/05\/02\/modificacio-puntual-al-mes-de-maig-de-lhorari-de-la-biblioteca\/","title":{"rendered":"Modificaci\u00f3 puntual -al mes de maig- de l&#8217;horari de la Biblioteca"},"content":{"rendered":"\n<p>Aquest mes de maig la biblioteca modificar\u00e0 els seus horaris d&#8217;obertura. La modificaci\u00f3 m\u00e9s destacada \u00e9s el tancament dels dijous a la tarda i, en contrapartida, l&#8217;obertura dels matins del dimecres. Podeu veure tots els canvis a la imatge adjunta.<\/p>\n\n\n\n<hr class=\"wp-block-separator is-style-wide\"\/>\n\n\n\n<p>Este mes de mayo la Biblioteca modificar\u00e1 sus horarios de apertura. La modificaci\u00f3n m\u00e1s destacada es el cierre los jueves por la tarde y, en contrapartida, la apertura de las ma\u00f1anas de los mi\u00e9rcoles. Pod\u00e9is ver todos los cambios en la imagen adjunta.<\/p>\n","protected":false},"excerpt":{"rendered":"<p>Aquest mes de maig la biblioteca modificar\u00e0 els seus horaris d&#8217;obertura. La modificaci\u00f3 m\u00e9s destacada \u00e9s el tancament dels dijous a la tarda i, en contrapartida, l&#8217;obertura dels matins del &hellip; <a href=\"https:\/\/bisbalpenedes.com\/web\/2021\/05\/02\/modificacio-puntual-al-mes-de-maig-de-lhorari-de-la-biblioteca\/\" class=\"more-link\">Read More<\/a><\/p>\n","protected":false},"author":4,"featured_media":17519,"comment_status":"closed","ping_status":"closed","sticky":false,"template":"","format":"standard","meta":[],"categories":[2478,13,8],"tags":[180,3207,784,393],"_links":{"self":[{"href":"https:\/\/bisbalpenedes.com\/web\/wp-json\/wp\/v2\/posts\/17518"}],"collection":[{"href":"https:\/\/bisbalpenedes.com\/web\/wp-json\/wp\/v2\/posts"}],"about":[{"href":"https:\/\/bisbalpenedes.com\/web\/wp-json\/wp\/v2\/types\/post"}],"author":[{"embeddable":true,"href":"https:\/\/bisbalpenedes.com\/web\/wp-json\/wp\/v2\/users\/4"}],"replies":[{"embeddable":true,"href":"https:\/\/bisbalpenedes.com\/web\/wp-json\/wp\/v2\/comments?post=17518"}],"version-history":[{"count":1,"href":"https:\/\/bisbalpenedes.com\/web\/wp-json\/wp\/v2\/posts\/17518\/revisions"}],"predecessor-version":[{"id":17520,"href":"https:\/\/bisbalpenedes.com\/web\/wp-json\/wp\/v2\/posts\/17518\/revisions\/17520"}],"wp:featuredmedia":[{"embeddable":true,"href":"https:\/\/bisbalpenedes.com\/web\/wp-json\/wp\/v2\/media\/17519"}],"wp:attachment":[{"href":"https:\/\/bisbalpenedes.com\/web\/wp-json\/wp\/v2\/media?parent=17518"}],"wp:term":[{"taxonomy":"category","embeddable":true,"href":"https:\/\/bisbalpenedes.com\/web\/wp-json\/wp\/v2\/categories?post=17518"},{"taxonomy":"post_tag","embeddable":true,"href":"https:\/\/bisbalpenedes.com\/web\/wp-json\/wp\/v2\/tags?post=17518"}],"curies":[{"name":"wp","href":"https:\/\/api.w.org\/{rel}","templated":true}]}}