{"id":17509,"date":"2021-04-30T18:13:26","date_gmt":"2021-04-30T16:13:26","guid":{"rendered":"https:\/\/bisbalpenedes.com\/web\/?p=17509"},"modified":"2021-04-30T18:13:26","modified_gmt":"2021-04-30T16:13:26","slug":"els-dies-4-i-8-de-maig-podreu-endinsar-vos-en-lopera-otello-a-la-bisbal","status":"publish","type":"post","link":"https:\/\/bisbalpenedes.com\/web\/2021\/04\/30\/els-dies-4-i-8-de-maig-podreu-endinsar-vos-en-lopera-otello-a-la-bisbal\/","title":{"rendered":"Els dies 4 i 8 de maig podreu endinsar-vos en l&#8217;\u00f2pera Otello a la Bisbal"},"content":{"rendered":"\n<p>Aquest mes de maig desembarca el g\u00e8nere oper\u00edstic a la Bisbal del Pened\u00e8s amb la projecci\u00f3 d\u2019Otello de Giuseppe Verdi, el cim de l\u2019\u00f2pera italiana basada en el drama shakespeari\u00e0 i un dels t\u00edtols m\u00e9s reeixits del compositor de Busetto. Uns dies abans de la projecci\u00f3 tindr\u00e0 lloc una confer\u00e8ncia a c\u00e0rrec de Pol Aviny\u00f3, qui desgranar\u00e0 tots els secrets per tal de poder gaudir encara m\u00e9s d\u2019aquesta gran obra. Per assistir a qualsevol dels dos actes cal fer una inscripci\u00f3 pr\u00e8via.<\/p>\n\n\n\n<hr class=\"wp-block-separator is-style-wide\"\/>\n\n\n\n<p>Este mes de mayo desembarca el g\u00e9nero oper\u00edstico en la Bisbal del Pened\u00e8s con la proyecci\u00f3n de Otello de Giuseppe Verdi, la cima de la \u00f3pera italiana basada en el drama shakespeariano y uno de los t\u00edtulos m\u00e1s exitosos del compositor de Busetto. Unos d\u00edas antes de la proyecci\u00f3n tendr\u00e1 lugar una conferencia a cargo de Pol Aviny\u00f3, quien desgranar\u00e1 todos los entresijos con tal de poder disfrutar todav\u00eda m\u00e1s de esta gran obra. Para asistir a cualquiera de los dos actos hay que hacer una inscripci\u00f3n previa.<\/p>\n","protected":false},"excerpt":{"rendered":"<p>Aquest mes de maig desembarca el g\u00e8nere oper\u00edstic a la Bisbal del Pened\u00e8s amb la projecci\u00f3 d\u2019Otello de Giuseppe Verdi, el cim de l\u2019\u00f2pera italiana basada en el drama shakespeari\u00e0 &hellip; <a href=\"https:\/\/bisbalpenedes.com\/web\/2021\/04\/30\/els-dies-4-i-8-de-maig-podreu-endinsar-vos-en-lopera-otello-a-la-bisbal\/\" class=\"more-link\">Read More<\/a><\/p>\n","protected":false},"author":4,"featured_media":17510,"comment_status":"closed","ping_status":"closed","sticky":false,"template":"","format":"standard","meta":[],"categories":[13,8],"tags":[618,4481,4483,4482],"_links":{"self":[{"href":"https:\/\/bisbalpenedes.com\/web\/wp-json\/wp\/v2\/posts\/17509"}],"collection":[{"href":"https:\/\/bisbalpenedes.com\/web\/wp-json\/wp\/v2\/posts"}],"about":[{"href":"https:\/\/bisbalpenedes.com\/web\/wp-json\/wp\/v2\/types\/post"}],"author":[{"embeddable":true,"href":"https:\/\/bisbalpenedes.com\/web\/wp-json\/wp\/v2\/users\/4"}],"replies":[{"embeddable":true,"href":"https:\/\/bisbalpenedes.com\/web\/wp-json\/wp\/v2\/comments?post=17509"}],"version-history":[{"count":1,"href":"https:\/\/bisbalpenedes.com\/web\/wp-json\/wp\/v2\/posts\/17509\/revisions"}],"predecessor-version":[{"id":17511,"href":"https:\/\/bisbalpenedes.com\/web\/wp-json\/wp\/v2\/posts\/17509\/revisions\/17511"}],"wp:featuredmedia":[{"embeddable":true,"href":"https:\/\/bisbalpenedes.com\/web\/wp-json\/wp\/v2\/media\/17510"}],"wp:attachment":[{"href":"https:\/\/bisbalpenedes.com\/web\/wp-json\/wp\/v2\/media?parent=17509"}],"wp:term":[{"taxonomy":"category","embeddable":true,"href":"https:\/\/bisbalpenedes.com\/web\/wp-json\/wp\/v2\/categories?post=17509"},{"taxonomy":"post_tag","embeddable":true,"href":"https:\/\/bisbalpenedes.com\/web\/wp-json\/wp\/v2\/tags?post=17509"}],"curies":[{"name":"wp","href":"https:\/\/api.w.org\/{rel}","templated":true}]}}