{"id":17506,"date":"2021-04-30T17:53:33","date_gmt":"2021-04-30T15:53:33","guid":{"rendered":"https:\/\/bisbalpenedes.com\/web\/?p=17506"},"modified":"2021-04-30T17:53:33","modified_gmt":"2021-04-30T15:53:33","slug":"lescola-de-musica-obre-el-termini-de-matriculacio-el-proper-dilluns-3-de-maig","status":"publish","type":"post","link":"https:\/\/bisbalpenedes.com\/web\/2021\/04\/30\/lescola-de-musica-obre-el-termini-de-matriculacio-el-proper-dilluns-3-de-maig\/","title":{"rendered":"L&#8217;Escola de M\u00fasica obre el termini de matriculaci\u00f3 el proper dilluns 3 de maig"},"content":{"rendered":"\n<p>L\u2019Escola de M\u00fasica de la Bisbal del Pened\u00e8s obre el termini de matriculaci\u00f3 el 3 de maig i far\u00e0 una jornada de portes obertes el dijous 6 de maig, a les 18h, al Centre Municipal de Cultura (CMC). \u00c9s obligatori confirmar l\u2019assist\u00e8ncia a l\u2019acte per tenir un control de l\u2019aforament i poder complir totes les mesures per la COVID-19.<\/p>\n\n\n\n<p>Per a m\u00e9s informaci\u00f3 us podeu adre\u00e7ar a l\u2019Escola de M\u00fasica Contrapunt, teniu les dades de contacte a la part inferior del cartell.<\/p>\n\n\n\n<hr class=\"wp-block-separator is-style-wide\"\/>\n\n\n\n<p>La Escuela de M\u00fasica de la Bisbal del Pened\u00e8s abre periodo de matriculaci\u00f3n el 3 de mayo y har\u00e1 una jornada de puertas abiertas el jueves 6 de mayo, a las 18h, en el Centre Municipal de Cultura (CMC). Es obligatorio confirmar la asistencia al acto para tener un control del aforo y poder cumplir todas las medidas por la COVID-19.<\/p>\n\n\n\n<p>Para m\u00e1s informaci\u00f3n os pod\u00e9is dirigir a la Escola de M\u00fasica Contrapunt, ten\u00e9is los datos de contacto en la parte inferior de cartel.<\/p>\n","protected":false},"excerpt":{"rendered":"<p>L\u2019Escola de M\u00fasica de la Bisbal del Pened\u00e8s obre el termini de matriculaci\u00f3 el 3 de maig i far\u00e0 una jornada de portes obertes el dijous 6 de maig, a &hellip; <a href=\"https:\/\/bisbalpenedes.com\/web\/2021\/04\/30\/lescola-de-musica-obre-el-termini-de-matriculacio-el-proper-dilluns-3-de-maig\/\" class=\"more-link\">Read More<\/a><\/p>\n","protected":false},"author":4,"featured_media":17507,"comment_status":"closed","ping_status":"closed","sticky":false,"template":"","format":"standard","meta":[],"categories":[3456,8],"tags":[781,273,4480],"_links":{"self":[{"href":"https:\/\/bisbalpenedes.com\/web\/wp-json\/wp\/v2\/posts\/17506"}],"collection":[{"href":"https:\/\/bisbalpenedes.com\/web\/wp-json\/wp\/v2\/posts"}],"about":[{"href":"https:\/\/bisbalpenedes.com\/web\/wp-json\/wp\/v2\/types\/post"}],"author":[{"embeddable":true,"href":"https:\/\/bisbalpenedes.com\/web\/wp-json\/wp\/v2\/users\/4"}],"replies":[{"embeddable":true,"href":"https:\/\/bisbalpenedes.com\/web\/wp-json\/wp\/v2\/comments?post=17506"}],"version-history":[{"count":1,"href":"https:\/\/bisbalpenedes.com\/web\/wp-json\/wp\/v2\/posts\/17506\/revisions"}],"predecessor-version":[{"id":17508,"href":"https:\/\/bisbalpenedes.com\/web\/wp-json\/wp\/v2\/posts\/17506\/revisions\/17508"}],"wp:featuredmedia":[{"embeddable":true,"href":"https:\/\/bisbalpenedes.com\/web\/wp-json\/wp\/v2\/media\/17507"}],"wp:attachment":[{"href":"https:\/\/bisbalpenedes.com\/web\/wp-json\/wp\/v2\/media?parent=17506"}],"wp:term":[{"taxonomy":"category","embeddable":true,"href":"https:\/\/bisbalpenedes.com\/web\/wp-json\/wp\/v2\/categories?post=17506"},{"taxonomy":"post_tag","embeddable":true,"href":"https:\/\/bisbalpenedes.com\/web\/wp-json\/wp\/v2\/tags?post=17506"}],"curies":[{"name":"wp","href":"https:\/\/api.w.org\/{rel}","templated":true}]}}