{"id":17495,"date":"2021-04-28T21:02:40","date_gmt":"2021-04-28T19:02:40","guid":{"rendered":"https:\/\/bisbalpenedes.com\/web\/?p=17495"},"modified":"2021-04-28T21:02:40","modified_gmt":"2021-04-28T19:02:40","slug":"punts-de-lordre-del-dia-de-la-junta-de-govern-local-del-26-04-21-amb-competencies-delegades-del-ple","status":"publish","type":"post","link":"https:\/\/bisbalpenedes.com\/web\/2021\/04\/28\/punts-de-lordre-del-dia-de-la-junta-de-govern-local-del-26-04-21-amb-competencies-delegades-del-ple\/","title":{"rendered":"Punts de l\u2019Ordre del dia de la Junta de Govern local del 26\/04\/21 amb compet\u00e8ncies delegades del Ple"},"content":{"rendered":"\n<p>La Junta de Govern del dilluns 26 d\u2019abril inclo\u00efa \u2013i va aprovar- dos punts amb Compet\u00e8ncies Delegades del Ple:<\/p>\n\n\n\n<p>-Revisi\u00f3 de preus del contracte del servei de recollida de residus dels exercicis 2020 i 2021<\/p>\n\n\n\n<p>-Adjudicaci\u00f3 definitiva de la venda d\u2019un percentatge de parcel\u00b7la del pol\u00edgon industrial Les Planes Baixes de propietat municipal<\/p>\n\n\n\n<p>Les sessions de la Junta de Govern Local no s\u00f3n p\u00fabliques, per\u00f2 quan s\u2019actua amb compet\u00e8ncies delegades del Ple, la sessi\u00f3 se sotmet als mateixos requisits de publicitat que les sessions del Ple, que s\u00ed que s\u00f3n p\u00fabliques. Aix\u00ed ho va declarar la STS 161\/2013, de 26 de setembre. Tenint en compte les mesures preses per evitar la propagaci\u00f3 de la COVID-19, aquests punts de l\u2019ordre del dia de la Junta de Govern Local no s\u2019han votat amb p\u00fablic, sin\u00f3 que s\u2019han gravat en v\u00eddeo i ara el publiquem per poder garantir aix\u00ed la seva publicitat. Per tot plegat, els regidors i regidores de l\u2019oposici\u00f3 \u2013que no formen part de la Junta de Govern local- van rebre la informaci\u00f3 sobre la proposta a la seva b\u00fastia de correu electr\u00f2nic i disposaven de l\u2019opci\u00f3 d\u2019assistir a la Junta de Govern durant la gravaci\u00f3 d\u2019aquest punt.<\/p>\n\n\n\n<figure class=\"wp-block-embed is-type-video is-provider-youtube wp-block-embed-youtube wp-embed-aspect-16-9 wp-has-aspect-ratio\"><div class=\"wp-block-embed__wrapper\">\n<iframe loading=\"lazy\" title=\"Punts de l\u2019Ordre del dia de la Junta de Govern local del 26\/04\/21 amb compet\u00e8ncies delegades del Ple\" width=\"1170\" height=\"658\" src=\"https:\/\/www.youtube.com\/embed\/U8RrlETnOhE?feature=oembed\" frameborder=\"0\" allow=\"accelerometer; autoplay; clipboard-write; encrypted-media; gyroscope; picture-in-picture\" allowfullscreen><\/iframe>\n<\/div><\/figure>\n\n\n\n<hr class=\"wp-block-separator is-style-wide\"\/>\n\n\n\n<p>La Junta de Gobierno del lunes 26 de abril inclu\u00eda \u2013y aprob\u00f3- dos puntos con Competencias Delegadas del Pleno:<\/p>\n\n\n\n<p>-Revisi\u00f3n de precios del contrato del servicio de recogida de residuos de los ejercicios 2020 y 2021.<\/p>\n\n\n\n<p>-Adjudicaci\u00f3n definitiva de la venta de un porcentaje de parcela del pol\u00edgono industrial Les Planes Baixes de propiedad industrial.<\/p>\n\n\n\n<p>Las sesiones de la Junta de Gobierno Local no son p\u00fablicas, pero cuando se act\u00faa con competencias delegadas del Pleno, la sesi\u00f3n se somete a los mismos requisitos de publicidad que las sesiones del Pleno, que s\u00ed que son p\u00fablicas. As\u00ed lo declar\u00f3 la STS 161\/2013, de 26 de septiembre. Teniendo en cuenta las medidas tomadas para evitar la propagaci\u00f3n de la COVID-19, estos puntos del orden del d\u00eda de la Junta de Gobierno Local no se han votado con p\u00fablico, sino que se han grabado en v\u00eddeo y ahora lo publicamos para poder garantizar as\u00ed su publicidad. Por todo ello, los concejales y concejalas de la oposici\u00f3n \u2013que no forman parte de la Junta de Gobierno local- recibieron la informaci\u00f3n sobre la propuesta en su buz\u00f3n de correo electr\u00f3nico y dispon\u00edan de la opci\u00f3n de asistir a la Junta de Gobierno durante la grabaci\u00f3n de este punto.<\/p>\n\n\n\n<p><\/p>\n","protected":false},"excerpt":{"rendered":"<p>La Junta de Govern del dilluns 26 d\u2019abril inclo\u00efa \u2013i va aprovar- dos punts amb Compet\u00e8ncies Delegades del Ple: -Revisi\u00f3 de preus del contracte del servei de recollida de residus &hellip; <a href=\"https:\/\/bisbalpenedes.com\/web\/2021\/04\/28\/punts-de-lordre-del-dia-de-la-junta-de-govern-local-del-26-04-21-amb-competencies-delegades-del-ple\/\" class=\"more-link\">Read More<\/a><\/p>\n","protected":false},"author":4,"featured_media":17496,"comment_status":"closed","ping_status":"closed","sticky":false,"template":"","format":"standard","meta":[],"categories":[8,2250],"tags":[686,393,2770,3231,4473],"_links":{"self":[{"href":"https:\/\/bisbalpenedes.com\/web\/wp-json\/wp\/v2\/posts\/17495"}],"collection":[{"href":"https:\/\/bisbalpenedes.com\/web\/wp-json\/wp\/v2\/posts"}],"about":[{"href":"https:\/\/bisbalpenedes.com\/web\/wp-json\/wp\/v2\/types\/post"}],"author":[{"embeddable":true,"href":"https:\/\/bisbalpenedes.com\/web\/wp-json\/wp\/v2\/users\/4"}],"replies":[{"embeddable":true,"href":"https:\/\/bisbalpenedes.com\/web\/wp-json\/wp\/v2\/comments?post=17495"}],"version-history":[{"count":1,"href":"https:\/\/bisbalpenedes.com\/web\/wp-json\/wp\/v2\/posts\/17495\/revisions"}],"predecessor-version":[{"id":17497,"href":"https:\/\/bisbalpenedes.com\/web\/wp-json\/wp\/v2\/posts\/17495\/revisions\/17497"}],"wp:featuredmedia":[{"embeddable":true,"href":"https:\/\/bisbalpenedes.com\/web\/wp-json\/wp\/v2\/media\/17496"}],"wp:attachment":[{"href":"https:\/\/bisbalpenedes.com\/web\/wp-json\/wp\/v2\/media?parent=17495"}],"wp:term":[{"taxonomy":"category","embeddable":true,"href":"https:\/\/bisbalpenedes.com\/web\/wp-json\/wp\/v2\/categories?post=17495"},{"taxonomy":"post_tag","embeddable":true,"href":"https:\/\/bisbalpenedes.com\/web\/wp-json\/wp\/v2\/tags?post=17495"}],"curies":[{"name":"wp","href":"https:\/\/api.w.org\/{rel}","templated":true}]}}