{"id":17488,"date":"2021-04-28T19:28:09","date_gmt":"2021-04-28T17:28:09","guid":{"rendered":"https:\/\/bisbalpenedes.com\/web\/?p=17488"},"modified":"2021-04-28T19:28:09","modified_gmt":"2021-04-28T17:28:09","slug":"saprova-la-liquidacio-del-1r-trimestre-del-conveni-en-materia-de-serveis-socials-amb-el-consell-comarcal-del-baix-penedes","status":"publish","type":"post","link":"https:\/\/bisbalpenedes.com\/web\/2021\/04\/28\/saprova-la-liquidacio-del-1r-trimestre-del-conveni-en-materia-de-serveis-socials-amb-el-consell-comarcal-del-baix-penedes\/","title":{"rendered":"S\u2019aprova la liquidaci\u00f3 del 1r trimestre del conveni en mat\u00e8ria de serveis socials amb el Consell Comarcal del Baix Pened\u00e8s"},"content":{"rendered":"\n<p>La Junta de govern local del 26 d\u2019abril ha aprovat, a petici\u00f3 de la regidoria de Benestar Social, la liquidaci\u00f3 del 1r trimestre de 2021 del conveni en mat\u00e8ria de Serveis Socials que l\u2019Ajuntament t\u00e9 amb el Consell Comarcal del Baix Pened\u00e8s (CCBP).<\/p>\n\n\n\n<p>La liquidaci\u00f3 aprovada ascendeix a 12.151,36\u20ac i correspon als serveis prestats durant el primer trimestre de 2021 en mat\u00e8ria de:<\/p>\n\n\n\n<ul><li>Professionals i serveis socials b\u00e0sics: 7.444,53\u20ac<\/li><li>SAD depend\u00e8ncia i SAD social: 1.794,22\u20ac<\/li><li>Transport adaptat: -526,28\u20ac (698,69\u20ac despesa 1r trimestre 2021 -1224,97\u20ac de servei no fet el 2020 per la pand\u00e8mia)<\/li><li>Serveis d\u2019intervenci\u00f3 socioeducativa: -290,28\u20ac (490,47\u20ac despesa 1r trimestre 2021 -780,75\u20ac de servei no fet el 2020 per la pand\u00e8mia)<\/li><li>Centre obert: 1.266,67\u20ac<\/li><li>Immigraci\u00f3:&nbsp; 353,51\u20ac<\/li><li>SIAD (Servei d\u2019Informaci\u00f3 i Atenci\u00f3 a les Dones): 582,72\u20ac<\/li><li>Despeses TIC: 92,47\u20ac<\/li><li>Servei acolliment residencial d\u2019urg\u00e8ncia: 122\u20ac<\/li><li>Viol\u00e8ncia de g\u00e8nere, Pacto de&nbsp; estado: 1.311,80\u20ac<\/li><\/ul>\n\n\n\n<p>La Junta de govern del 25 de gener de 2021 va aprovar la pr\u00f2rroga del conveni de cooperaci\u00f3 interadministrativa amb el Consell Comarcal del Baix Pened\u00e8s en mat\u00e8ria de serveis socials (2016\/2019) subscrit entre el Consell Comarcal del Baix Pened\u00e8s i diversos ajuntaments de la comarca. L\u2019aportaci\u00f3 total de l\u2019Ajuntament de la Bisbal del Pened\u00e8s per a l\u2019any 2021 ascendeix a 65.157,37\u20ac.<\/p>\n\n\n\n<hr class=\"wp-block-separator\"\/>\n\n\n\n<p><strong>CASTELLANO | <\/strong>La Junta de gobierno local del 26 de abril ha aprobado, a petici\u00f3n de la concejal\u00eda de Bienestar social, la liquidaci\u00f3n del 1\u00ba trimestre de 2021 del convenio en materia de Servicios Sociales que el Ayuntamiento tiene con el Consell Comarcal del Baix Pened\u00e8s (CCBP).<\/p>\n\n\n\n<p>La liquidaci\u00f3n aprobada asciende a 12.151,36\u20ac y corresponde a los servicios prestados durante el primer trimestre de 2021 en materia de:<\/p>\n\n\n\n<ul><li>Profesionales y servicios sociales b\u00e1sicos: 7.444,53\u20ac<\/li><li>SAD dependencia y SAD social: 1.794,22\u20ac<\/li><li>Transporte adaptado: -526,28\u20ac (698,69\u20ac gasto 1\u00ba trimestre 2021 -1224,97\u20ac de servicio no realizado el 2020 por la pandemia)<\/li><li>Servicios de intervencion socioeducativa: -290,28\u20ac (490,47\u20ac gasto 1\u00ba trimestre 2021 -780,75\u20ac de servicio no realizado el 2020 por la pandemia)<\/li><li>Centre Obert: 1.266,67\u20ac<\/li><li>Inmigraci\u00f3n: 353,51\u20ac<\/li><li>SIAD (Servicio de Informaci\u00f3n y Atenci\u00f3n a las Mujeres): 582,72\u20ac<\/li><li>Gastos TIC: 92,47\u20ac<\/li><li>Servicio de acogida residencial de urgencia: 122\u20ac<\/li><li>Violencia de g\u00e9nero, Pacto de estado: 1.311,80\u20ac<\/li><\/ul>\n\n\n\n<p>La Jutna de gobierno del 25 de enero de 2021 aprob\u00f3 la pr\u00f3rroga del convenio de cooperaci\u00f3n interadministrativa con el Consell Comarcal del Baix Pened\u00e8s en materia de servicios sociales (2016\/2019) suscrito entre el Consell Comarcal del Baix Pened\u00e8s y varios ayuntamientos de la comarca. La aportaci\u00f3n total del Ayuntamiento de la Bisbal del Pened\u00e8s para el a\u00f1o 2021 asciende a 65.157,37\u20ac<\/p>\n","protected":false},"excerpt":{"rendered":"<p>La Junta de govern local del 26 d\u2019abril ha aprovat, a petici\u00f3 de la regidoria de Benestar Social, la liquidaci\u00f3 del 1r trimestre de 2021 del conveni en mat\u00e8ria de &hellip; <a href=\"https:\/\/bisbalpenedes.com\/web\/2021\/04\/28\/saprova-la-liquidacio-del-1r-trimestre-del-conveni-en-materia-de-serveis-socials-amb-el-consell-comarcal-del-baix-penedes\/\" class=\"more-link\">Read More<\/a><\/p>\n","protected":false},"author":4,"featured_media":17489,"comment_status":"closed","ping_status":"closed","sticky":false,"template":"","format":"standard","meta":[],"categories":[3085,8,17],"tags":[1056,440],"_links":{"self":[{"href":"https:\/\/bisbalpenedes.com\/web\/wp-json\/wp\/v2\/posts\/17488"}],"collection":[{"href":"https:\/\/bisbalpenedes.com\/web\/wp-json\/wp\/v2\/posts"}],"about":[{"href":"https:\/\/bisbalpenedes.com\/web\/wp-json\/wp\/v2\/types\/post"}],"author":[{"embeddable":true,"href":"https:\/\/bisbalpenedes.com\/web\/wp-json\/wp\/v2\/users\/4"}],"replies":[{"embeddable":true,"href":"https:\/\/bisbalpenedes.com\/web\/wp-json\/wp\/v2\/comments?post=17488"}],"version-history":[{"count":1,"href":"https:\/\/bisbalpenedes.com\/web\/wp-json\/wp\/v2\/posts\/17488\/revisions"}],"predecessor-version":[{"id":17490,"href":"https:\/\/bisbalpenedes.com\/web\/wp-json\/wp\/v2\/posts\/17488\/revisions\/17490"}],"wp:featuredmedia":[{"embeddable":true,"href":"https:\/\/bisbalpenedes.com\/web\/wp-json\/wp\/v2\/media\/17489"}],"wp:attachment":[{"href":"https:\/\/bisbalpenedes.com\/web\/wp-json\/wp\/v2\/media?parent=17488"}],"wp:term":[{"taxonomy":"category","embeddable":true,"href":"https:\/\/bisbalpenedes.com\/web\/wp-json\/wp\/v2\/categories?post=17488"},{"taxonomy":"post_tag","embeddable":true,"href":"https:\/\/bisbalpenedes.com\/web\/wp-json\/wp\/v2\/tags?post=17488"}],"curies":[{"name":"wp","href":"https:\/\/api.w.org\/{rel}","templated":true}]}}