{"id":17483,"date":"2021-04-28T18:54:40","date_gmt":"2021-04-28T16:54:40","guid":{"rendered":"https:\/\/bisbalpenedes.com\/web\/?p=17483"},"modified":"2021-04-28T18:56:59","modified_gmt":"2021-04-28T16:56:59","slug":"saprova-la-liquidacio-del-1r-trimestre-de-2021-del-conveni-de-collaboracio-amb-el-consell-comarcal-del-baix-penedes-en-materia-docupacio","status":"publish","type":"post","link":"https:\/\/bisbalpenedes.com\/web\/2021\/04\/28\/saprova-la-liquidacio-del-1r-trimestre-de-2021-del-conveni-de-collaboracio-amb-el-consell-comarcal-del-baix-penedes-en-materia-docupacio\/","title":{"rendered":"S\u2019aprova la liquidaci\u00f3 del 1r trimestre de 2021 del conveni de col\u00b7laboraci\u00f3 amb el Consell Comarcal del Baix Pened\u00e8s en mat\u00e8ria d\u2019Ocupaci\u00f3"},"content":{"rendered":"\n<p>La Junta de Govern Local d\u2019aquest dilluns 26 d\u2019abril ha aprovat, a petici\u00f3 de la Regidoria d\u2019Ocupaci\u00f3, la liquidaci\u00f3 del conveni de col\u00b7laboraci\u00f3 amb el Consell Comarcal del Baix Pened\u00e8s (CCBP) en mat\u00e8ria d\u2019ocupaci\u00f3 corresponent al primer trimestre de 2021 per un import total de 1.117,18\u20ac.<\/p>\n\n\n\n<p>La liquidaci\u00f3 d\u2019aquest 1r trimestre \u00e9s de 3.164,41\u20ac per\u00f2 cal restar 2.046,63\u20ac d\u2019actuacions liquidades i no realitzades durant el 2020, a causa de la pand\u00e8mia de COVID-19. La liquidaci\u00f3 resultant ascendeix a 1.117,18\u20ac.<\/p>\n\n\n\n<p>Recordem que la Junta de Govern del passat 8 de febrer de 2021 va aprovar el conveni interadministratiu de col\u00b7laboraci\u00f3 amb el Consell Comarcal del Baix Pened\u00e8s i la resta d\u2019ajuntaments de la comarca per a l\u2019execuci\u00f3 dels programes d\u2019ocupaci\u00f3 que formen part de l\u2019Acord estrat\u00e8gic per al desenvolupament i ocupaci\u00f3 del Baix Pened\u00e8s 2021 per un total de 12.657,64\u20ac.<\/p>\n\n\n\n<hr class=\"wp-block-separator is-style-wide\"\/>\n\n\n\n<p>CASTELLANO | La Junta de Gobierno Local de este lunes 26 de abril ha aprobado, a petici\u00f3n de la Concejal\u00eda de Ocupaci\u00f3n, la liquidaci\u00f3n del convenio de colaboraci\u00f3n con el Consell Comarcal del Baix Pened\u00e8s (CCBP) en materia de ocupaci\u00f3n correspondiente al primer trimestre de 2021 por un importe total de 1.117,18\u20ac.<\/p>\n\n\n\n<p>La liquidaci\u00f3n de este 1\u00ba trimestre es de 3.164,41\u20ac pero hay que restar 2.046,63\u20ac de actuaciones liquidadas y no realizadas durante el 2020, a causa de la pandemia de COVID-19. La liquidaci\u00f3n resultante asciende a 1.117,18\u20ac.<\/p>\n\n\n\n<p>Recordamos que la Junta de Gobierno del pasado 8 de febrero de 2021 aprob\u00f3 el convenio interadministrativo de colaboraci\u00f3n con el Consell Comarcal del Baix Pened\u00e8s y el resto de ayuntamientos de la comarca para la ejecuci\u00f3n de los programas de ocupaci\u00f3n que forman parte del Acuerdo estrat\u00e9gico para el desarrollo y ocupaci\u00f3n del Baix Pened\u00e8s 2021 por un total de 12.657,64\u20ac.<\/p>\n","protected":false},"excerpt":{"rendered":"<p>La Junta de Govern Local d\u2019aquest dilluns 26 d\u2019abril ha aprovat, a petici\u00f3 de la Regidoria d\u2019Ocupaci\u00f3, la liquidaci\u00f3 del conveni de col\u00b7laboraci\u00f3 amb el Consell Comarcal del Baix Pened\u00e8s &hellip; <a href=\"https:\/\/bisbalpenedes.com\/web\/2021\/04\/28\/saprova-la-liquidacio-del-1r-trimestre-de-2021-del-conveni-de-collaboracio-amb-el-consell-comarcal-del-baix-penedes-en-materia-docupacio\/\" class=\"more-link\">Read More<\/a><\/p>\n","protected":false},"author":4,"featured_media":17486,"comment_status":"closed","ping_status":"closed","sticky":false,"template":"","format":"standard","meta":[],"categories":[3137,3085,8,9],"tags":[1064,1056,440],"_links":{"self":[{"href":"https:\/\/bisbalpenedes.com\/web\/wp-json\/wp\/v2\/posts\/17483"}],"collection":[{"href":"https:\/\/bisbalpenedes.com\/web\/wp-json\/wp\/v2\/posts"}],"about":[{"href":"https:\/\/bisbalpenedes.com\/web\/wp-json\/wp\/v2\/types\/post"}],"author":[{"embeddable":true,"href":"https:\/\/bisbalpenedes.com\/web\/wp-json\/wp\/v2\/users\/4"}],"replies":[{"embeddable":true,"href":"https:\/\/bisbalpenedes.com\/web\/wp-json\/wp\/v2\/comments?post=17483"}],"version-history":[{"count":1,"href":"https:\/\/bisbalpenedes.com\/web\/wp-json\/wp\/v2\/posts\/17483\/revisions"}],"predecessor-version":[{"id":17484,"href":"https:\/\/bisbalpenedes.com\/web\/wp-json\/wp\/v2\/posts\/17483\/revisions\/17484"}],"wp:featuredmedia":[{"embeddable":true,"href":"https:\/\/bisbalpenedes.com\/web\/wp-json\/wp\/v2\/media\/17486"}],"wp:attachment":[{"href":"https:\/\/bisbalpenedes.com\/web\/wp-json\/wp\/v2\/media?parent=17483"}],"wp:term":[{"taxonomy":"category","embeddable":true,"href":"https:\/\/bisbalpenedes.com\/web\/wp-json\/wp\/v2\/categories?post=17483"},{"taxonomy":"post_tag","embeddable":true,"href":"https:\/\/bisbalpenedes.com\/web\/wp-json\/wp\/v2\/tags?post=17483"}],"curies":[{"name":"wp","href":"https:\/\/api.w.org\/{rel}","templated":true}]}}