{"id":1743,"date":"2016-07-19T02:53:21","date_gmt":"2016-07-18T20:53:21","guid":{"rendered":"http:\/\/bisbalpenedes.com\/web\/?p=1743"},"modified":"2016-07-19T02:53:21","modified_gmt":"2016-07-18T20:53:21","slug":"80-anys-de-la-republica-i-inici-de-la-guerra-civil","status":"publish","type":"post","link":"https:\/\/bisbalpenedes.com\/web\/2016\/07\/19\/80-anys-de-la-republica-i-inici-de-la-guerra-civil\/","title":{"rendered":"80 anys de la Rep\u00fablica i inici de la Guerra Civil"},"content":{"rendered":"<p>Amb motiu dels 80 anys de la Rep\u00fablica i l&#8217;Inici de la Guerra Civil, l&#8217;Ajuntament organitza un seguit d&#8217;actes aquest divendres 22 i dissabte 23.<br \/>\nDivendres 22 de juliol, a les 20:00h al Centre Municipal de Cultura, inauguraci\u00f3 de l\u2019exposici\u00f3 \u201cLa primavera republicana al pened\u00e8s, 1931-1936\u201d de l\u2019Institut d\u2019Estudis Penedesencs.<br \/>\nProjecci\u00f3 de sessions de la filmoteca \u201cDocumental de la Rep\u00fablica\u201d de la Filmoteca de Catalunya i la Federaci\u00f3 Catalana de Cineclubs, a continuaci\u00f3 Tast:\u201dmenjars en temps de guerra\u201c realitzat per l\u2019Associaci\u00f3 de Dones la Roca Foradada i presentat per Llu\u00eds Gil. acompanyat per l\u2019exposici\u00f3: La cat\u00e0strofe de les guerres, guerra, v\u00edctimes de l\u2019exili, refugiats\u201d<br \/>\nDissabte 23 de juliol, a les 10:00h del mat\u00ed davant de l&#8217;Ajuntament -en ruta pel nomencl\u00e0tor, carrers de la rep\u00fablica- caminada pels carrers de la Bisbal que finalitzar\u00e0 amb vermut al Bar de la Riba<br \/>\nEsteu tots convidats!!<\/p>\n<p><a href=\"http:\/\/bisbalpenedes.com\/web\/wp-content\/uploads\/2016\/07\/republica_i_guerra_3.jpg\"><img loading=\"lazy\" src=\"http:\/\/bisbalpenedes.com\/web\/wp-content\/uploads\/2016\/07\/republica_i_guerra_3.jpg\" alt=\"\" title=\"republica_i_guerra_3\" width=\"594\" height=\"839\" class=\"alignleft size-full wp-image-1744\" srcset=\"https:\/\/bisbalpenedes.com\/web\/wp-content\/uploads\/2016\/07\/republica_i_guerra_3.jpg 594w, https:\/\/bisbalpenedes.com\/web\/wp-content\/uploads\/2016\/07\/republica_i_guerra_3-212x300.jpg 212w\" sizes=\"(max-width: 594px) 100vw, 594px\" \/><\/a><\/p>\n","protected":false},"excerpt":{"rendered":"<p>Amb motiu dels 80 anys de la Rep\u00fablica i l&#8217;Inici de la Guerra Civil, l&#8217;Ajuntament organitza un seguit d&#8217;actes aquest divendres 22 i dissabte 23. Divendres 22 de juliol, a &hellip; <a href=\"https:\/\/bisbalpenedes.com\/web\/2016\/07\/19\/80-anys-de-la-republica-i-inici-de-la-guerra-civil\/\" class=\"more-link\">Read More<\/a><\/p>\n","protected":false},"author":1,"featured_media":1744,"comment_status":"closed","ping_status":"closed","sticky":false,"template":"","format":"standard","meta":[],"categories":[13],"tags":[],"_links":{"self":[{"href":"https:\/\/bisbalpenedes.com\/web\/wp-json\/wp\/v2\/posts\/1743"}],"collection":[{"href":"https:\/\/bisbalpenedes.com\/web\/wp-json\/wp\/v2\/posts"}],"about":[{"href":"https:\/\/bisbalpenedes.com\/web\/wp-json\/wp\/v2\/types\/post"}],"author":[{"embeddable":true,"href":"https:\/\/bisbalpenedes.com\/web\/wp-json\/wp\/v2\/users\/1"}],"replies":[{"embeddable":true,"href":"https:\/\/bisbalpenedes.com\/web\/wp-json\/wp\/v2\/comments?post=1743"}],"version-history":[{"count":1,"href":"https:\/\/bisbalpenedes.com\/web\/wp-json\/wp\/v2\/posts\/1743\/revisions"}],"predecessor-version":[{"id":1745,"href":"https:\/\/bisbalpenedes.com\/web\/wp-json\/wp\/v2\/posts\/1743\/revisions\/1745"}],"wp:featuredmedia":[{"embeddable":true,"href":"https:\/\/bisbalpenedes.com\/web\/wp-json\/wp\/v2\/media\/1744"}],"wp:attachment":[{"href":"https:\/\/bisbalpenedes.com\/web\/wp-json\/wp\/v2\/media?parent=1743"}],"wp:term":[{"taxonomy":"category","embeddable":true,"href":"https:\/\/bisbalpenedes.com\/web\/wp-json\/wp\/v2\/categories?post=1743"},{"taxonomy":"post_tag","embeddable":true,"href":"https:\/\/bisbalpenedes.com\/web\/wp-json\/wp\/v2\/tags?post=1743"}],"curies":[{"name":"wp","href":"https:\/\/api.w.org\/{rel}","templated":true}]}}