{"id":17413,"date":"2021-04-28T13:47:28","date_gmt":"2021-04-28T11:47:28","guid":{"rendered":"https:\/\/bisbalpenedes.com\/web\/?p=17413"},"modified":"2021-04-28T14:57:24","modified_gmt":"2021-04-28T12:57:24","slug":"el-proper-dilluns-3-de-maig-es-posa-en-marxa-un-nou-servei-de-bus-urba-que-comunicara-les-urbanitzacions-amb-el-vendrell","status":"publish","type":"post","link":"https:\/\/bisbalpenedes.com\/web\/2021\/04\/28\/el-proper-dilluns-3-de-maig-es-posa-en-marxa-un-nou-servei-de-bus-urba-que-comunicara-les-urbanitzacions-amb-el-vendrell\/","title":{"rendered":"El proper dilluns 3 de maig es posa en marxa un nou servei de bus urb\u00e0 que comunicar\u00e0 les urbanitzacions amb El Vendrell"},"content":{"rendered":"\n<p>El dilluns 3 de maig comen\u00e7a un nou servei de bus urb\u00e0 i comarcal entre el nucli, les urbanitzacions i El Vendrell. Aquest nou servei es vehicula a trav\u00e9s d\u2019un conveni amb la Generalitat de Catalunya, l\u2019aprovaci\u00f3 del qual s\u2019elevar\u00e0 al Ple extraordinari previst per al divendres 30 d\u2019abril.<\/p>\n\n\n\n<p>El nou servei incorporar\u00e0 les seg\u00fcents novetats:<\/p>\n\n\n\n<ul><li>El servei ser\u00e0 amb horaris i parades prefixades, no ser\u00e0 a demanda<\/li><li>S\u2019incorporen viatges del nucli i les urbanitzacions al Vendrell, amb tres parades a la capital de la comarca: Les Mates, l\u2019Hospital Comarcal del Vendrell i la parada d\u2019autobusos de l\u2019avinguda Jaume Carner.<\/li><li>Properament s\u2019incorporar\u00e0 una parada a l\u2019Ortig\u00f3s, ja que en aquests moments est\u00e0 pendent d\u2019autoritzaci\u00f3 per part de la Generalitat de Catalunya.<\/li><\/ul>\n\n\n\n<p>L\u2019alcaldessa de la Bisbal del Pened\u00e8s, Agn\u00e8s Ferr\u00e9, ha explicat que \u201camb aquest nou servei solucionarem una petici\u00f3 de fa anys, que \u00e9s que hi hagi rutes de les urbanitzacions a l\u2019Hospital del Vendrell i a la resta de serveis que trobem a la capital de la comarca\u201d.<\/p>\n\n\n\n<p>Els ve\u00efns de les urbanitzacions rebreu els horaris i les parades a casa vostra durant aquesta setmana. Tamb\u00e9 els trobareu adjunts a aquesta publicaci\u00f3.<\/p>\n\n\n\n<p><strong>Preus:<\/strong> menors de 4 anys gratu\u00eft<\/p>\n\n\n\n<figure class=\"wp-block-image size-large\"><img loading=\"lazy\" width=\"1024\" height=\"238\" src=\"https:\/\/bisbalpenedes.com\/web\/wp-content\/uploads\/2021\/04\/PREU_BUS-1024x238.jpg\" alt=\"\" class=\"wp-image-17441\" srcset=\"https:\/\/bisbalpenedes.com\/web\/wp-content\/uploads\/2021\/04\/PREU_BUS-1024x238.jpg 1024w, https:\/\/bisbalpenedes.com\/web\/wp-content\/uploads\/2021\/04\/PREU_BUS-600x140.jpg 600w, https:\/\/bisbalpenedes.com\/web\/wp-content\/uploads\/2021\/04\/PREU_BUS-300x70.jpg 300w, https:\/\/bisbalpenedes.com\/web\/wp-content\/uploads\/2021\/04\/PREU_BUS-768x179.jpg 768w, https:\/\/bisbalpenedes.com\/web\/wp-content\/uploads\/2021\/04\/PREU_BUS-1536x357.jpg 1536w, https:\/\/bisbalpenedes.com\/web\/wp-content\/uploads\/2021\/04\/PREU_BUS-2048x476.jpg 2048w\" sizes=\"(max-width: 1024px) 100vw, 1024px\" \/><\/figure>\n\n\n\n<hr class=\"wp-block-separator is-style-wide\"\/>\n\n\n\n<p><strong>CASTELLANO |<\/strong> El lunes 3 de mayo empieza un nuevo servicio de bus urbano y comarcal entre el n\u00facleo, las urbanizaciones y El Vendrell. Este nuevo servicio se vehicula a trav\u00e9s de un convenio con la Generalitat de Catalunya, cuya aprobaci\u00f3n se elevar\u00e1 al Pleno extraordinario previsto para el viernes 30 de abril.<\/p>\n\n\n\n<p>El nuevo servicio incorporar\u00e1 las siguientes novedades:<\/p>\n\n\n\n<ul><li>El servicio ser\u00e1 con horarios y paradas prefijadas, no ser\u00e1 a demanda<\/li><li>Se incorporan viajes del n\u00facleo y las urbanizaciones al Vendrell, con tres paradas en la capital de la comarca: Les Mates, el Hospital Comarcal del Vendrell y la parada de autobuses de la avenida Jaume Carner.<\/li><li>Pr\u00f3ximamente se incorporar\u00e1 una parada en L&#8217;Ortig\u00f3s, ya que en estos momentos est\u00e1 pendiente de autorizaci\u00f3n por parte de la Generalitat de Catalunya.<\/li><\/ul>\n\n\n\n<p>La alcaldesa de la Bisbal del Pened\u00e8s, Agn\u00e8s Ferr\u00e9, ha explicado que \u201ccon este nuevo servicio resolvemos una petici\u00f3n de hace a\u00f1os, que es que haya rutas de las urbanizaciones al Hospital del Vendrell y a los dem\u00e1s servicios que encontramos en la capital de la comarca\u201d.<\/p>\n\n\n\n<p>Los vecinos de las urbanizaciones recibir\u00e9is los horarios y las paradas en casa durante esta semana. Tambi\u00e9n los encontrar\u00e9is adjuntos a esta publicaci\u00f3n.<\/p>\n\n\n\n<p><strong>Precios:<\/strong> menores de 4 a\u00f1os gratuito.<\/p>\n\n\n\n<figure class=\"wp-block-image size-large\"><img loading=\"lazy\" width=\"1024\" height=\"238\" src=\"https:\/\/bisbalpenedes.com\/web\/wp-content\/uploads\/2021\/04\/PREU_BUS-1024x238.jpg\" alt=\"\" class=\"wp-image-17441\" srcset=\"https:\/\/bisbalpenedes.com\/web\/wp-content\/uploads\/2021\/04\/PREU_BUS-1024x238.jpg 1024w, https:\/\/bisbalpenedes.com\/web\/wp-content\/uploads\/2021\/04\/PREU_BUS-600x140.jpg 600w, https:\/\/bisbalpenedes.com\/web\/wp-content\/uploads\/2021\/04\/PREU_BUS-300x70.jpg 300w, https:\/\/bisbalpenedes.com\/web\/wp-content\/uploads\/2021\/04\/PREU_BUS-768x179.jpg 768w, https:\/\/bisbalpenedes.com\/web\/wp-content\/uploads\/2021\/04\/PREU_BUS-1536x357.jpg 1536w, https:\/\/bisbalpenedes.com\/web\/wp-content\/uploads\/2021\/04\/PREU_BUS-2048x476.jpg 2048w\" sizes=\"(max-width: 1024px) 100vw, 1024px\" \/><\/figure>\n\n\n\n<figure class=\"wp-container-2 wp-block-gallery-1 wp-block-gallery columns-1 is-cropped\"><ul class=\"blocks-gallery-grid\"><li class=\"blocks-gallery-item\"><figure><img loading=\"lazy\" width=\"724\" height=\"1024\" src=\"https:\/\/bisbalpenedes.com\/web\/wp-content\/uploads\/2021\/04\/BUS-2021_GORDEI_INT-724x1024.jpg\" alt=\"\" data-id=\"17414\" data-link=\"https:\/\/bisbalpenedes.com\/web\/bus-2021_gordei_int\/\" class=\"wp-image-17414\" srcset=\"https:\/\/bisbalpenedes.com\/web\/wp-content\/uploads\/2021\/04\/BUS-2021_GORDEI_INT-724x1024.jpg 724w, https:\/\/bisbalpenedes.com\/web\/wp-content\/uploads\/2021\/04\/BUS-2021_GORDEI_INT-600x848.jpg 600w, https:\/\/bisbalpenedes.com\/web\/wp-content\/uploads\/2021\/04\/BUS-2021_GORDEI_INT-212x300.jpg 212w, https:\/\/bisbalpenedes.com\/web\/wp-content\/uploads\/2021\/04\/BUS-2021_GORDEI_INT-768x1086.jpg 768w, https:\/\/bisbalpenedes.com\/web\/wp-content\/uploads\/2021\/04\/BUS-2021_GORDEI_INT-1086x1536.jpg 1086w, https:\/\/bisbalpenedes.com\/web\/wp-content\/uploads\/2021\/04\/BUS-2021_GORDEI_INT-1448x2048.jpg 1448w, https:\/\/bisbalpenedes.com\/web\/wp-content\/uploads\/2021\/04\/BUS-2021_GORDEI_INT.jpg 1754w\" sizes=\"(max-width: 724px) 100vw, 724px\" \/><figcaption class=\"blocks-gallery-item__caption\">Can Gordei 2<\/figcaption><\/figure><\/li><\/ul><\/figure>\n\n\n\n<figure class=\"wp-container-4 wp-block-gallery-3 wp-block-gallery columns-1 is-cropped\"><ul class=\"blocks-gallery-grid\"><li class=\"blocks-gallery-item\"><figure><img loading=\"lazy\" width=\"724\" height=\"1024\" src=\"https:\/\/bisbalpenedes.com\/web\/wp-content\/uploads\/2021\/04\/BUS-2021_MASIETA_INT-724x1024.jpg\" alt=\"\" data-id=\"17418\" data-full-url=\"https:\/\/bisbalpenedes.com\/web\/wp-content\/uploads\/2021\/04\/BUS-2021_MASIETA_INT.jpg\" data-link=\"https:\/\/bisbalpenedes.com\/web\/bus-2021_masieta_int\/\" class=\"wp-image-17418\" srcset=\"https:\/\/bisbalpenedes.com\/web\/wp-content\/uploads\/2021\/04\/BUS-2021_MASIETA_INT-724x1024.jpg 724w, https:\/\/bisbalpenedes.com\/web\/wp-content\/uploads\/2021\/04\/BUS-2021_MASIETA_INT-600x848.jpg 600w, https:\/\/bisbalpenedes.com\/web\/wp-content\/uploads\/2021\/04\/BUS-2021_MASIETA_INT-212x300.jpg 212w, https:\/\/bisbalpenedes.com\/web\/wp-content\/uploads\/2021\/04\/BUS-2021_MASIETA_INT-768x1086.jpg 768w, https:\/\/bisbalpenedes.com\/web\/wp-content\/uploads\/2021\/04\/BUS-2021_MASIETA_INT-1086x1536.jpg 1086w, https:\/\/bisbalpenedes.com\/web\/wp-content\/uploads\/2021\/04\/BUS-2021_MASIETA_INT-1448x2048.jpg 1448w, https:\/\/bisbalpenedes.com\/web\/wp-content\/uploads\/2021\/04\/BUS-2021_MASIETA_INT.jpg 1754w\" sizes=\"(max-width: 724px) 100vw, 724px\" \/><figcaption class=\"blocks-gallery-item__caption\">La Masieta 2<\/figcaption><\/figure><\/li><\/ul><\/figure>\n\n\n\n<figure class=\"wp-container-6 wp-block-gallery-5 wp-block-gallery columns-1 is-cropped\"><ul class=\"blocks-gallery-grid\"><li class=\"blocks-gallery-item\"><figure><img loading=\"lazy\" width=\"724\" height=\"1024\" src=\"https:\/\/bisbalpenedes.com\/web\/wp-content\/uploads\/2021\/04\/BUS-2021_PRIORAT_INT-1-724x1024.jpg\" alt=\"\" data-id=\"17427\" data-full-url=\"https:\/\/bisbalpenedes.com\/web\/wp-content\/uploads\/2021\/04\/BUS-2021_PRIORAT_INT-1.jpg\" data-link=\"https:\/\/bisbalpenedes.com\/web\/?attachment_id=17427\" class=\"wp-image-17427\" srcset=\"https:\/\/bisbalpenedes.com\/web\/wp-content\/uploads\/2021\/04\/BUS-2021_PRIORAT_INT-1-724x1024.jpg 724w, https:\/\/bisbalpenedes.com\/web\/wp-content\/uploads\/2021\/04\/BUS-2021_PRIORAT_INT-1-600x848.jpg 600w, https:\/\/bisbalpenedes.com\/web\/wp-content\/uploads\/2021\/04\/BUS-2021_PRIORAT_INT-1-212x300.jpg 212w, https:\/\/bisbalpenedes.com\/web\/wp-content\/uploads\/2021\/04\/BUS-2021_PRIORAT_INT-1-768x1086.jpg 768w, https:\/\/bisbalpenedes.com\/web\/wp-content\/uploads\/2021\/04\/BUS-2021_PRIORAT_INT-1-1086x1536.jpg 1086w, https:\/\/bisbalpenedes.com\/web\/wp-content\/uploads\/2021\/04\/BUS-2021_PRIORAT_INT-1-1448x2048.jpg 1448w, https:\/\/bisbalpenedes.com\/web\/wp-content\/uploads\/2021\/04\/BUS-2021_PRIORAT_INT-1.jpg 1754w\" sizes=\"(max-width: 724px) 100vw, 724px\" \/><figcaption class=\"blocks-gallery-item__caption\">El Priorat de la Bisbal 2<\/figcaption><\/figure><\/li><\/ul><\/figure>\n\n\n\n<figure class=\"wp-container-8 wp-block-gallery-7 wp-block-gallery columns-1 is-cropped\"><ul class=\"blocks-gallery-grid\"><li class=\"blocks-gallery-item\"><figure><img loading=\"lazy\" width=\"724\" height=\"1024\" src=\"https:\/\/bisbalpenedes.com\/web\/wp-content\/uploads\/2021\/04\/BUS-2021_MIRALBA_INT-724x1024.jpg\" alt=\"\" data-id=\"17420\" data-full-url=\"https:\/\/bisbalpenedes.com\/web\/wp-content\/uploads\/2021\/04\/BUS-2021_MIRALBA_INT.jpg\" data-link=\"https:\/\/bisbalpenedes.com\/web\/bus-2021_miralba_int\/\" class=\"wp-image-17420\" srcset=\"https:\/\/bisbalpenedes.com\/web\/wp-content\/uploads\/2021\/04\/BUS-2021_MIRALBA_INT-724x1024.jpg 724w, https:\/\/bisbalpenedes.com\/web\/wp-content\/uploads\/2021\/04\/BUS-2021_MIRALBA_INT-600x848.jpg 600w, https:\/\/bisbalpenedes.com\/web\/wp-content\/uploads\/2021\/04\/BUS-2021_MIRALBA_INT-212x300.jpg 212w, https:\/\/bisbalpenedes.com\/web\/wp-content\/uploads\/2021\/04\/BUS-2021_MIRALBA_INT-768x1086.jpg 768w, https:\/\/bisbalpenedes.com\/web\/wp-content\/uploads\/2021\/04\/BUS-2021_MIRALBA_INT-1086x1536.jpg 1086w, https:\/\/bisbalpenedes.com\/web\/wp-content\/uploads\/2021\/04\/BUS-2021_MIRALBA_INT-1448x2048.jpg 1448w, https:\/\/bisbalpenedes.com\/web\/wp-content\/uploads\/2021\/04\/BUS-2021_MIRALBA_INT.jpg 1754w\" sizes=\"(max-width: 724px) 100vw, 724px\" \/><figcaption class=\"blocks-gallery-item__caption\">La Miralba 2<\/figcaption><\/figure><\/li><\/ul><\/figure>\n\n\n\n<figure class=\"wp-container-10 wp-block-gallery-9 wp-block-gallery columns-1 is-cropped\"><ul class=\"blocks-gallery-grid\"><li class=\"blocks-gallery-item\"><figure><img loading=\"lazy\" width=\"724\" height=\"1024\" src=\"https:\/\/bisbalpenedes.com\/web\/wp-content\/uploads\/2021\/04\/BUS-2021_NUCLI_INT-724x1024.jpg\" alt=\"\" data-id=\"17422\" data-full-url=\"https:\/\/bisbalpenedes.com\/web\/wp-content\/uploads\/2021\/04\/BUS-2021_NUCLI_INT.jpg\" data-link=\"https:\/\/bisbalpenedes.com\/web\/bus-2021_nucli_int\/\" class=\"wp-image-17422\" srcset=\"https:\/\/bisbalpenedes.com\/web\/wp-content\/uploads\/2021\/04\/BUS-2021_NUCLI_INT-724x1024.jpg 724w, https:\/\/bisbalpenedes.com\/web\/wp-content\/uploads\/2021\/04\/BUS-2021_NUCLI_INT-600x848.jpg 600w, https:\/\/bisbalpenedes.com\/web\/wp-content\/uploads\/2021\/04\/BUS-2021_NUCLI_INT-212x300.jpg 212w, https:\/\/bisbalpenedes.com\/web\/wp-content\/uploads\/2021\/04\/BUS-2021_NUCLI_INT-768x1086.jpg 768w, https:\/\/bisbalpenedes.com\/web\/wp-content\/uploads\/2021\/04\/BUS-2021_NUCLI_INT-1086x1536.jpg 1086w, https:\/\/bisbalpenedes.com\/web\/wp-content\/uploads\/2021\/04\/BUS-2021_NUCLI_INT-1448x2048.jpg 1448w, https:\/\/bisbalpenedes.com\/web\/wp-content\/uploads\/2021\/04\/BUS-2021_NUCLI_INT.jpg 1754w\" sizes=\"(max-width: 724px) 100vw, 724px\" \/><figcaption class=\"blocks-gallery-item__caption\">Nucli urb\u00e0 2<\/figcaption><\/figure><\/li><\/ul><\/figure>\n\n\n\n<figure class=\"wp-container-12 wp-block-gallery-11 wp-block-gallery columns-1 is-cropped\"><ul class=\"blocks-gallery-grid\"><li class=\"blocks-gallery-item\"><figure><img loading=\"lazy\" width=\"724\" height=\"1024\" src=\"https:\/\/bisbalpenedes.com\/web\/wp-content\/uploads\/2021\/04\/Papagai2-724x1024.jpg\" alt=\"\" data-id=\"17435\" data-full-url=\"https:\/\/bisbalpenedes.com\/web\/wp-content\/uploads\/2021\/04\/Papagai2.jpg\" data-link=\"https:\/\/bisbalpenedes.com\/web\/papagai2\/\" class=\"wp-image-17435\" srcset=\"https:\/\/bisbalpenedes.com\/web\/wp-content\/uploads\/2021\/04\/Papagai2-724x1024.jpg 724w, https:\/\/bisbalpenedes.com\/web\/wp-content\/uploads\/2021\/04\/Papagai2-600x848.jpg 600w, https:\/\/bisbalpenedes.com\/web\/wp-content\/uploads\/2021\/04\/Papagai2-212x300.jpg 212w, https:\/\/bisbalpenedes.com\/web\/wp-content\/uploads\/2021\/04\/Papagai2-768x1086.jpg 768w, https:\/\/bisbalpenedes.com\/web\/wp-content\/uploads\/2021\/04\/Papagai2-1086x1536.jpg 1086w, https:\/\/bisbalpenedes.com\/web\/wp-content\/uploads\/2021\/04\/Papagai2-1448x2048.jpg 1448w, https:\/\/bisbalpenedes.com\/web\/wp-content\/uploads\/2021\/04\/Papagai2.jpg 1754w\" sizes=\"(max-width: 724px) 100vw, 724px\" \/><figcaption class=\"blocks-gallery-item__caption\">El Papagai 2<\/figcaption><\/figure><\/li><\/ul><\/figure>\n\n\n\n<figure class=\"wp-container-14 wp-block-gallery-13 wp-block-gallery columns-1 is-cropped\"><ul class=\"blocks-gallery-grid\"><li class=\"blocks-gallery-item\"><figure><img loading=\"lazy\" width=\"724\" height=\"1024\" src=\"https:\/\/bisbalpenedes.com\/web\/wp-content\/uploads\/2021\/04\/StaCristina2-724x1024.jpg\" alt=\"\" data-id=\"17437\" data-full-url=\"https:\/\/bisbalpenedes.com\/web\/wp-content\/uploads\/2021\/04\/StaCristina2.jpg\" data-link=\"https:\/\/bisbalpenedes.com\/web\/stacristina2\/\" class=\"wp-image-17437\" srcset=\"https:\/\/bisbalpenedes.com\/web\/wp-content\/uploads\/2021\/04\/StaCristina2-724x1024.jpg 724w, https:\/\/bisbalpenedes.com\/web\/wp-content\/uploads\/2021\/04\/StaCristina2-600x848.jpg 600w, https:\/\/bisbalpenedes.com\/web\/wp-content\/uploads\/2021\/04\/StaCristina2-212x300.jpg 212w, https:\/\/bisbalpenedes.com\/web\/wp-content\/uploads\/2021\/04\/StaCristina2-768x1086.jpg 768w, https:\/\/bisbalpenedes.com\/web\/wp-content\/uploads\/2021\/04\/StaCristina2-1086x1536.jpg 1086w, https:\/\/bisbalpenedes.com\/web\/wp-content\/uploads\/2021\/04\/StaCristina2-1448x2048.jpg 1448w, https:\/\/bisbalpenedes.com\/web\/wp-content\/uploads\/2021\/04\/StaCristina2.jpg 1754w\" sizes=\"(max-width: 724px) 100vw, 724px\" \/><figcaption class=\"blocks-gallery-item__caption\">Santa Cristina 2<\/figcaption><\/figure><\/li><\/ul><\/figure>\n\n\n\n<figure class=\"wp-block-image size-large\"><img loading=\"lazy\" width=\"724\" height=\"1024\" src=\"https:\/\/bisbalpenedes.com\/web\/wp-content\/uploads\/2021\/04\/BUS-2021_ESPLAI_INT-1-724x1024.jpg\" alt=\"\" class=\"wp-image-17463\" srcset=\"https:\/\/bisbalpenedes.com\/web\/wp-content\/uploads\/2021\/04\/BUS-2021_ESPLAI_INT-1-724x1024.jpg 724w, https:\/\/bisbalpenedes.com\/web\/wp-content\/uploads\/2021\/04\/BUS-2021_ESPLAI_INT-1-600x848.jpg 600w, https:\/\/bisbalpenedes.com\/web\/wp-content\/uploads\/2021\/04\/BUS-2021_ESPLAI_INT-1-212x300.jpg 212w, https:\/\/bisbalpenedes.com\/web\/wp-content\/uploads\/2021\/04\/BUS-2021_ESPLAI_INT-1-768x1086.jpg 768w, https:\/\/bisbalpenedes.com\/web\/wp-content\/uploads\/2021\/04\/BUS-2021_ESPLAI_INT-1-1086x1536.jpg 1086w, https:\/\/bisbalpenedes.com\/web\/wp-content\/uploads\/2021\/04\/BUS-2021_ESPLAI_INT-1-1448x2048.jpg 1448w, https:\/\/bisbalpenedes.com\/web\/wp-content\/uploads\/2021\/04\/BUS-2021_ESPLAI_INT-1.jpg 1754w\" sizes=\"(max-width: 724px) 100vw, 724px\" \/><\/figure>\n","protected":false},"excerpt":{"rendered":"<p>El dilluns 3 de maig comen\u00e7a un nou servei de bus urb\u00e0 i comarcal entre el nucli, les urbanitzacions i El Vendrell. Aquest nou servei es vehicula a trav\u00e9s d\u2019un &hellip; <a href=\"https:\/\/bisbalpenedes.com\/web\/2021\/04\/28\/el-proper-dilluns-3-de-maig-es-posa-en-marxa-un-nou-servei-de-bus-urba-que-comunicara-les-urbanitzacions-amb-el-vendrell\/\" class=\"more-link\">Read More<\/a><\/p>\n","protected":false},"author":4,"featured_media":17431,"comment_status":"closed","ping_status":"closed","sticky":false,"template":"","format":"standard","meta":[],"categories":[3859,8,2711],"tags":[788,821,198,1177,391,4399,276,393,587,246,4471,520,623,2084,3355],"_links":{"self":[{"href":"https:\/\/bisbalpenedes.com\/web\/wp-json\/wp\/v2\/posts\/17413"}],"collection":[{"href":"https:\/\/bisbalpenedes.com\/web\/wp-json\/wp\/v2\/posts"}],"about":[{"href":"https:\/\/bisbalpenedes.com\/web\/wp-json\/wp\/v2\/types\/post"}],"author":[{"embeddable":true,"href":"https:\/\/bisbalpenedes.com\/web\/wp-json\/wp\/v2\/users\/4"}],"replies":[{"embeddable":true,"href":"https:\/\/bisbalpenedes.com\/web\/wp-json\/wp\/v2\/comments?post=17413"}],"version-history":[{"count":8,"href":"https:\/\/bisbalpenedes.com\/web\/wp-json\/wp\/v2\/posts\/17413\/revisions"}],"predecessor-version":[{"id":17480,"href":"https:\/\/bisbalpenedes.com\/web\/wp-json\/wp\/v2\/posts\/17413\/revisions\/17480"}],"wp:featuredmedia":[{"embeddable":true,"href":"https:\/\/bisbalpenedes.com\/web\/wp-json\/wp\/v2\/media\/17431"}],"wp:attachment":[{"href":"https:\/\/bisbalpenedes.com\/web\/wp-json\/wp\/v2\/media?parent=17413"}],"wp:term":[{"taxonomy":"category","embeddable":true,"href":"https:\/\/bisbalpenedes.com\/web\/wp-json\/wp\/v2\/categories?post=17413"},{"taxonomy":"post_tag","embeddable":true,"href":"https:\/\/bisbalpenedes.com\/web\/wp-json\/wp\/v2\/tags?post=17413"}],"curies":[{"name":"wp","href":"https:\/\/api.w.org\/{rel}","templated":true}]}}