{"id":17406,"date":"2021-04-27T20:34:50","date_gmt":"2021-04-27T18:34:50","guid":{"rendered":"https:\/\/bisbalpenedes.com\/web\/?p=17406"},"modified":"2021-04-27T20:49:20","modified_gmt":"2021-04-27T18:49:20","slug":"avui-a-les-17h-ha-tingut-lloc-una-concentracio-al-davant-de-lajuntament-per-condemnar-i-rebutjar-el-feminicidi-que-ha-tingut-aquest-dilluns-al-municipi","status":"publish","type":"post","link":"https:\/\/bisbalpenedes.com\/web\/2021\/04\/27\/avui-a-les-17h-ha-tingut-lloc-una-concentracio-al-davant-de-lajuntament-per-condemnar-i-rebutjar-el-feminicidi-que-ha-tingut-aquest-dilluns-al-municipi\/","title":{"rendered":"Avui a les 17h ha tingut lloc una concentraci\u00f3 al davant de l\u2019Ajuntament per condemnar i rebutjar el feminicidi que ha tingut lloc aquest dilluns al municipi"},"content":{"rendered":"\n<p>Avui a les 17h ha tingut lloc una concentraci\u00f3 al davant de l\u2019Ajuntament per condemnar i rebutjar el feminicidi que ha tingut lloc aquest dilluns a La Bisbal del Pened\u00e8s. Aquest vespre La Casa de la Vila s\u2019il\u00b7luminar\u00e0 de color violeta com a mostra de suport a les v\u00edctimes de la viol\u00e8ncia de g\u00e8nere. Des d\u2019aqu\u00ed tornem a expressar el nostre m\u00e9s sentit condol cap als familiars i amics de la v\u00edctima i recordem que s\u2019han susp\u00e8s tots els actes p\u00fablics oficials i l\u00fadics del municipi durant els dies 27, 28 i 29 d\u2019abril com a mostra de dol, rebuig i condemna.<\/p>\n\n\n\n<hr class=\"wp-block-separator is-style-wide\"\/>\n\n\n\n<p>Hoy a las 17h ha tenido lugar una concentraci\u00f3n delante del Ayuntamiento para condenar y rechazar el feminicidio que ha tenido lugar este lunes en La Bisbal del Pened\u00e8s. Al anochecer La Casa de la Vila se iluminar\u00e1 de color violeta como muestra de apoyo a las v\u00edctimas de la violencia de g\u00e9nero. Desde aqu\u00ed volvemos a expresar nuestro m\u00e1s sentido p\u00e9same hacia los familiares y amigos de la v\u00edctima y recordamos que se han suspendido todos los actos oficiales y l\u00fadicos del municipio durante los d\u00edas 27, 28 y 29 de abril como muestra de duelo, rechazo y condena.<\/p>\n\n\n\n<figure class=\"wp-block-image size-large\"><img loading=\"lazy\" width=\"1024\" height=\"768\" src=\"https:\/\/bisbalpenedes.com\/web\/wp-content\/uploads\/2021\/04\/acff9454-c61c-46ea-bed6-dceefb18fd20-1024x768.jpeg\" alt=\"\" class=\"wp-image-17408\" srcset=\"https:\/\/bisbalpenedes.com\/web\/wp-content\/uploads\/2021\/04\/acff9454-c61c-46ea-bed6-dceefb18fd20-1024x768.jpeg 1024w, https:\/\/bisbalpenedes.com\/web\/wp-content\/uploads\/2021\/04\/acff9454-c61c-46ea-bed6-dceefb18fd20-600x450.jpeg 600w, https:\/\/bisbalpenedes.com\/web\/wp-content\/uploads\/2021\/04\/acff9454-c61c-46ea-bed6-dceefb18fd20-300x225.jpeg 300w, https:\/\/bisbalpenedes.com\/web\/wp-content\/uploads\/2021\/04\/acff9454-c61c-46ea-bed6-dceefb18fd20-768x576.jpeg 768w, https:\/\/bisbalpenedes.com\/web\/wp-content\/uploads\/2021\/04\/acff9454-c61c-46ea-bed6-dceefb18fd20-1536x1152.jpeg 1536w, https:\/\/bisbalpenedes.com\/web\/wp-content\/uploads\/2021\/04\/acff9454-c61c-46ea-bed6-dceefb18fd20.jpeg 2048w\" sizes=\"(max-width: 1024px) 100vw, 1024px\" \/><\/figure>\n\n\n\n<figure class=\"wp-block-image size-large\"><img loading=\"lazy\" width=\"1024\" height=\"682\" src=\"https:\/\/bisbalpenedes.com\/web\/wp-content\/uploads\/2021\/04\/880955ea-67e9-473c-85c3-a53cf8d87c84-1024x682.jpeg\" alt=\"\" class=\"wp-image-17409\" srcset=\"https:\/\/bisbalpenedes.com\/web\/wp-content\/uploads\/2021\/04\/880955ea-67e9-473c-85c3-a53cf8d87c84-1024x682.jpeg 1024w, https:\/\/bisbalpenedes.com\/web\/wp-content\/uploads\/2021\/04\/880955ea-67e9-473c-85c3-a53cf8d87c84-600x400.jpeg 600w, https:\/\/bisbalpenedes.com\/web\/wp-content\/uploads\/2021\/04\/880955ea-67e9-473c-85c3-a53cf8d87c84-300x200.jpeg 300w, https:\/\/bisbalpenedes.com\/web\/wp-content\/uploads\/2021\/04\/880955ea-67e9-473c-85c3-a53cf8d87c84-768x512.jpeg 768w, https:\/\/bisbalpenedes.com\/web\/wp-content\/uploads\/2021\/04\/880955ea-67e9-473c-85c3-a53cf8d87c84-1536x1023.jpeg 1536w, https:\/\/bisbalpenedes.com\/web\/wp-content\/uploads\/2021\/04\/880955ea-67e9-473c-85c3-a53cf8d87c84.jpeg 2048w\" sizes=\"(max-width: 1024px) 100vw, 1024px\" \/><\/figure>\n","protected":false},"excerpt":{"rendered":"<p>Avui a les 17h ha tingut lloc una concentraci\u00f3 al davant de l\u2019Ajuntament per condemnar i rebutjar el feminicidi que ha tingut lloc aquest dilluns a La Bisbal del Pened\u00e8s. &hellip; <a href=\"https:\/\/bisbalpenedes.com\/web\/2021\/04\/27\/avui-a-les-17h-ha-tingut-lloc-una-concentracio-al-davant-de-lajuntament-per-condemnar-i-rebutjar-el-feminicidi-que-ha-tingut-aquest-dilluns-al-municipi\/\" class=\"more-link\">Read More<\/a><\/p>\n","protected":false},"author":4,"featured_media":17407,"comment_status":"closed","ping_status":"closed","sticky":false,"template":"","format":"standard","meta":[],"categories":[2402,8],"tags":[4464,948],"_links":{"self":[{"href":"https:\/\/bisbalpenedes.com\/web\/wp-json\/wp\/v2\/posts\/17406"}],"collection":[{"href":"https:\/\/bisbalpenedes.com\/web\/wp-json\/wp\/v2\/posts"}],"about":[{"href":"https:\/\/bisbalpenedes.com\/web\/wp-json\/wp\/v2\/types\/post"}],"author":[{"embeddable":true,"href":"https:\/\/bisbalpenedes.com\/web\/wp-json\/wp\/v2\/users\/4"}],"replies":[{"embeddable":true,"href":"https:\/\/bisbalpenedes.com\/web\/wp-json\/wp\/v2\/comments?post=17406"}],"version-history":[{"count":2,"href":"https:\/\/bisbalpenedes.com\/web\/wp-json\/wp\/v2\/posts\/17406\/revisions"}],"predecessor-version":[{"id":17411,"href":"https:\/\/bisbalpenedes.com\/web\/wp-json\/wp\/v2\/posts\/17406\/revisions\/17411"}],"wp:featuredmedia":[{"embeddable":true,"href":"https:\/\/bisbalpenedes.com\/web\/wp-json\/wp\/v2\/media\/17407"}],"wp:attachment":[{"href":"https:\/\/bisbalpenedes.com\/web\/wp-json\/wp\/v2\/media?parent=17406"}],"wp:term":[{"taxonomy":"category","embeddable":true,"href":"https:\/\/bisbalpenedes.com\/web\/wp-json\/wp\/v2\/categories?post=17406"},{"taxonomy":"post_tag","embeddable":true,"href":"https:\/\/bisbalpenedes.com\/web\/wp-json\/wp\/v2\/tags?post=17406"}],"curies":[{"name":"wp","href":"https:\/\/api.w.org\/{rel}","templated":true}]}}