{"id":17403,"date":"2021-04-27T15:50:00","date_gmt":"2021-04-27T13:50:00","guid":{"rendered":"https:\/\/bisbalpenedes.com\/web\/?p=17403"},"modified":"2021-04-27T15:50:39","modified_gmt":"2021-04-27T13:50:39","slug":"el-divendres-30-dabril-a-les-8h-tindra-lloc-un-ple-extraordinari-a-lajuntament-de-la-bisbal-del-penedes","status":"publish","type":"post","link":"https:\/\/bisbalpenedes.com\/web\/2021\/04\/27\/el-divendres-30-dabril-a-les-8h-tindra-lloc-un-ple-extraordinari-a-lajuntament-de-la-bisbal-del-penedes\/","title":{"rendered":"El divendres 30 d\u2019abril a les 8h tindr\u00e0 lloc un Ple extraordinari a l\u2019Ajuntament de La Bisbal del Pened\u00e8s"},"content":{"rendered":"\n<p>El proper divendres 30 d\u2019abril, a les 08h, tindr\u00e0 lloc un Ple extraordinari a l\u2019Ajuntament de la Bisbal del Pened\u00e8s.El Ple se celebrar\u00e0 de forma presencial i a porta tancada, per poder garantir totes les mesures de prevenci\u00f3 de contagis per la COVID-19.<\/p>\n\n\n\n<p>Abans de comen\u00e7ar el Ple es far\u00e0 un minut de silenci per condemnar el feminicidi ocorregut aquest dilluns a La Bisbal del Pened\u00e8s.<\/p>\n\n\n\n<p>Els punts de l\u2019ordre del dia s\u00f3n els seg\u00fcents:<\/p>\n\n\n\n<p>1.-Aprovaci\u00f3 del conveni amb el Consell Comarcal del Baix Pened\u00e8s i altres ajuntaments de la comarca, pel manteniment de l\u2019\u00c0rea Recreativa Forestal del Montmell, 2021\/2024<\/p>\n\n\n\n<p>2.-Nomenament de Jutge de Pau substitut<\/p>\n\n\n\n<p>3.-Aprovaci\u00f3 del conveni amb el Departament de Territori i Sostenibilitat, l\u2019Autoritat de la Mobilitat del Camp de Tarragona i l\u2019empresa Autocars \u00cdzaro SA, pel nou servei de bus urb\u00e0 i comarcal<\/p>\n\n\n\n<hr class=\"wp-block-separator is-style-wide\"\/>\n\n\n\n<p><strong>CASTELLANO |<\/strong> El pr\u00f3ximo viernes 30 de abril, a las 08h, tendr\u00e1 lugar un Pleno extraordinario en el Ayuntamiento de la Bisbal del Pened\u00e8s. El Pleno se celebrar\u00e1 de forma presencial y a puerta cerrada, para poder garantizar todas las medidas de prevenci\u00f3n de contagios por la COVID-19.<\/p>\n\n\n\n<p>Antes de empezar el Pleno, se har\u00e1 un minuto de silencio para condenar el feminicidio ocurrido este lunes en La Bisbal del Pened\u00e8s.<\/p>\n\n\n\n<p>Los puntos del orden del d\u00eda son los siguientes:<\/p>\n\n\n\n<p>1.-Aprobaci\u00f3n del convenio con el Consell Comarcal del Baix Pened\u00e8s y otros ayuntamientos de la comarca, para el mantenimiento del \u00c1rea Recreativa Forestal del Montmell 2021\/2024<\/p>\n\n\n\n<p>2.-Nombramiento del Juez de Paz sustituto<\/p>\n\n\n\n<p>3.-Aprobaci\u00f3n del convenio con el Departamento de Territorio y Sostenibilidad, la Autoritat de la Mobilitat del Camp de Tarragona y la empresa Autocars \u00cdzaro SA, para el nuevo servicio de bus urbano y comarca<\/p>\n","protected":false},"excerpt":{"rendered":"<p>El proper divendres 30 d\u2019abril, a les 08h, tindr\u00e0 lloc un Ple extraordinari a l\u2019Ajuntament de la Bisbal del Pened\u00e8s.El Ple se celebrar\u00e0 de forma presencial i a porta tancada, &hellip; <a href=\"https:\/\/bisbalpenedes.com\/web\/2021\/04\/27\/el-divendres-30-dabril-a-les-8h-tindra-lloc-un-ple-extraordinari-a-lajuntament-de-la-bisbal-del-penedes\/\" class=\"more-link\">Read More<\/a><\/p>\n","protected":false},"author":4,"featured_media":8717,"comment_status":"closed","ping_status":"closed","sticky":false,"template":"","format":"standard","meta":[],"categories":[8,2250],"tags":[4469,1064,4467,1841,2319,139,423,2084],"_links":{"self":[{"href":"https:\/\/bisbalpenedes.com\/web\/wp-json\/wp\/v2\/posts\/17403"}],"collection":[{"href":"https:\/\/bisbalpenedes.com\/web\/wp-json\/wp\/v2\/posts"}],"about":[{"href":"https:\/\/bisbalpenedes.com\/web\/wp-json\/wp\/v2\/types\/post"}],"author":[{"embeddable":true,"href":"https:\/\/bisbalpenedes.com\/web\/wp-json\/wp\/v2\/users\/4"}],"replies":[{"embeddable":true,"href":"https:\/\/bisbalpenedes.com\/web\/wp-json\/wp\/v2\/comments?post=17403"}],"version-history":[{"count":2,"href":"https:\/\/bisbalpenedes.com\/web\/wp-json\/wp\/v2\/posts\/17403\/revisions"}],"predecessor-version":[{"id":17405,"href":"https:\/\/bisbalpenedes.com\/web\/wp-json\/wp\/v2\/posts\/17403\/revisions\/17405"}],"wp:featuredmedia":[{"embeddable":true,"href":"https:\/\/bisbalpenedes.com\/web\/wp-json\/wp\/v2\/media\/8717"}],"wp:attachment":[{"href":"https:\/\/bisbalpenedes.com\/web\/wp-json\/wp\/v2\/media?parent=17403"}],"wp:term":[{"taxonomy":"category","embeddable":true,"href":"https:\/\/bisbalpenedes.com\/web\/wp-json\/wp\/v2\/categories?post=17403"},{"taxonomy":"post_tag","embeddable":true,"href":"https:\/\/bisbalpenedes.com\/web\/wp-json\/wp\/v2\/tags?post=17403"}],"curies":[{"name":"wp","href":"https:\/\/api.w.org\/{rel}","templated":true}]}}