{"id":17399,"date":"2021-04-27T14:50:34","date_gmt":"2021-04-27T12:50:34","guid":{"rendered":"https:\/\/bisbalpenedes.com\/web\/?p=17399"},"modified":"2021-04-27T14:52:17","modified_gmt":"2021-04-27T12:52:17","slug":"es-convoca-una-concentracio-al-davant-del-consistori-avui-dimarts-27-dabril","status":"publish","type":"post","link":"https:\/\/bisbalpenedes.com\/web\/2021\/04\/27\/es-convoca-una-concentracio-al-davant-del-consistori-avui-dimarts-27-dabril\/","title":{"rendered":"Es convoca una concentraci\u00f3 al davant del Consistori avui dimarts 27 d&#8217;abril per comdemnar el presumpte feminicidi succe\u00eft aquest dilluns al nostre municipi"},"content":{"rendered":"\n<p>L\u2019Ajuntament de La Bisbal del Pened\u00e8s condemna el feminicidi que ha tingut lloc aquest dilluns al municipi de La Bisbal del Pened\u00e8s a conseq\u00fc\u00e8ncia de l\u2019incendi produ\u00eft a l\u2019habitatge on es trobava la dona, presumptament provocat per seva parella. Mitjan\u00e7ant aquest comunicat, volem expressar el nostre m\u00e9s sentit condol cap als familiars i amics de la v\u00edctima.<\/p>\n\n\n\n<p>Tenint en compte aquests fets, l\u2019Ajuntament de La Bisbal del Pened\u00e8s susp\u00e8n tots els actes p\u00fablics oficials i l\u00fadics del municipi durant els dies 27, 28 i 29 d\u2019abril de 2021 com a mostra de dol, rebuig i condemna pel presumpte feminicidi succe\u00eft ahir dilluns 26 d\u2019abril de 2021 al nostre municipi.<\/p>\n\n\n\n<p>Es convoca una concentraci\u00f3 al davant del Consistori avui dimarts 27 d\u2019abril de 2021, a les 17h, -amb totes les mesures de prevenci\u00f3 i seguretat per la COVID-19, per condemnar els fets i l\u2019Ajuntament de la Bisbal del Pened\u00e8s s\u2019il\u00b7luminar\u00e0 de color violeta, aquest vespre, com a mostra de suport a les v\u00edctimes de la viol\u00e8ncia de g\u00e8nere.<\/p>\n\n\n\n<p class=\"has-text-align-right\"><strong>Ajuntament de la Bisbal del Pened\u00e8s<\/strong><\/p>\n\n\n\n<p class=\"has-text-align-right\"><strong>27 d\u2019abril de 2021<\/strong><\/p>\n\n\n\n<hr class=\"wp-block-separator is-style-wide\"\/>\n\n\n\n<p>El Ayuntamiento de la Bisbal del Pened\u00e8s condena el feminicidio que ha tenido lugar este lunes en el municipio de La Bisbal del Pened\u00e8s como consecuencia del incendio producido en la vivienda en la que se encontraba la mujer, presuntamente provocado por su pareja. Mediante este comunicado, queremos expresar nuestro m\u00e1s sentido p\u00e9same hacia los familiares y amigos de la v\u00edctima.<\/p>\n\n\n\n<p>Teniendo en cuenta estos hechos, el Ayuntamiento de La Bisbal del Pened\u00e8s suspende todos los actos p\u00fablicos oficiales y l\u00fadicos del municipio durante los d\u00edas 27, 28 y 29 de abril de 2021 como muestra de duelo, rechazo y condena por el presunto feminicidio sucedido ayer lunes 26 de abril de 2021 en nuestro municipio.<\/p>\n\n\n\n<p>Se convoca una concentraci\u00f3n delante del Consistorio hoy martes 27 de abril de 2021, a las 17h, -con todas las medidas de prevenci\u00f3n y seguridad por la COVID-19- para condenar los hechos y el Ayuntamiento de La Bisbal del Pened\u00e8s se iluminar\u00e1 de color violeta, al atardecer, como muestra de apoyo a las v\u00edctimas de la violencia de g\u00e9nero.<\/p>\n\n\n\n<p class=\"has-text-align-right\"><strong>Ayuntamiento de La Bisbal del Pened\u00e8s<\/strong><\/p>\n\n\n\n<p class=\"has-text-align-right\"><strong>27 de abril de 2021<\/strong><\/p>\n","protected":false},"excerpt":{"rendered":"<p>L\u2019Ajuntament de La Bisbal del Pened\u00e8s condemna el feminicidi que ha tingut lloc aquest dilluns al municipi de La Bisbal del Pened\u00e8s a conseq\u00fc\u00e8ncia de l\u2019incendi produ\u00eft a l\u2019habitatge on &hellip; <a href=\"https:\/\/bisbalpenedes.com\/web\/2021\/04\/27\/es-convoca-una-concentracio-al-davant-del-consistori-avui-dimarts-27-dabril\/\" class=\"more-link\">Read More<\/a><\/p>\n","protected":false},"author":4,"featured_media":7089,"comment_status":"closed","ping_status":"closed","sticky":false,"template":"","format":"standard","meta":[],"categories":[2402],"tags":[198,4466,4464,948],"_links":{"self":[{"href":"https:\/\/bisbalpenedes.com\/web\/wp-json\/wp\/v2\/posts\/17399"}],"collection":[{"href":"https:\/\/bisbalpenedes.com\/web\/wp-json\/wp\/v2\/posts"}],"about":[{"href":"https:\/\/bisbalpenedes.com\/web\/wp-json\/wp\/v2\/types\/post"}],"author":[{"embeddable":true,"href":"https:\/\/bisbalpenedes.com\/web\/wp-json\/wp\/v2\/users\/4"}],"replies":[{"embeddable":true,"href":"https:\/\/bisbalpenedes.com\/web\/wp-json\/wp\/v2\/comments?post=17399"}],"version-history":[{"count":3,"href":"https:\/\/bisbalpenedes.com\/web\/wp-json\/wp\/v2\/posts\/17399\/revisions"}],"predecessor-version":[{"id":17402,"href":"https:\/\/bisbalpenedes.com\/web\/wp-json\/wp\/v2\/posts\/17399\/revisions\/17402"}],"wp:featuredmedia":[{"embeddable":true,"href":"https:\/\/bisbalpenedes.com\/web\/wp-json\/wp\/v2\/media\/7089"}],"wp:attachment":[{"href":"https:\/\/bisbalpenedes.com\/web\/wp-json\/wp\/v2\/media?parent=17399"}],"wp:term":[{"taxonomy":"category","embeddable":true,"href":"https:\/\/bisbalpenedes.com\/web\/wp-json\/wp\/v2\/categories?post=17399"},{"taxonomy":"post_tag","embeddable":true,"href":"https:\/\/bisbalpenedes.com\/web\/wp-json\/wp\/v2\/tags?post=17399"}],"curies":[{"name":"wp","href":"https:\/\/api.w.org\/{rel}","templated":true}]}}