{"id":17396,"date":"2021-04-27T09:15:00","date_gmt":"2021-04-27T07:15:00","guid":{"rendered":"https:\/\/bisbalpenedes.com\/web\/?p=17396"},"modified":"2021-04-27T10:41:08","modified_gmt":"2021-04-27T08:41:08","slug":"comunicat-lajuntament-lamenta-la-mort-duna-veina-de-can-gordei","status":"publish","type":"post","link":"https:\/\/bisbalpenedes.com\/web\/2021\/04\/27\/comunicat-lajuntament-lamenta-la-mort-duna-veina-de-can-gordei\/","title":{"rendered":"Comunicat: l&#8217;Ajuntament lamenta la mort d&#8217;una ve\u00efna de Can Gordei"},"content":{"rendered":"\n<p>Des de l\u2019Ajuntament de la Bisbal del Pened\u00e8s lamentem la mort d\u2019una ve\u00efna de Can Gordei a causa d\u2019un incendi al seu habitatge i volem expressar el nostre m\u00e9s sentit condol als familiars i amics de la v\u00edctima.<\/p>\n\n\n\n<p>En aquests moments el cos de Mossos d\u2019Esquadra est\u00e0 duent a terme una investigaci\u00f3 per esclarir les causes de l\u2019origen de l\u2019incendi i, tot i que diversos mitjans de comunicaci\u00f3 han publicat que es tractaria d\u2019un cas de viol\u00e8ncia de g\u00e8nere, l\u2019Ajuntament encara no t\u00e9 una comunicaci\u00f3 oficial de Mossos d\u2019Esquadra que ho afirmi. De fet, se\u2019ns ha comunicat que la investigaci\u00f3 continua oberta i que se\u2019ns anir\u00e0 informant quan hi hagi informaci\u00f3 confirmada.<\/p>\n\n\n\n<p>Des de l\u2019Ajuntament de la Bisbal del Pened\u00e8s condemnem tota classe de viol\u00e8ncia i, en cas que es confirmi que \u00e9s un cas de viol\u00e8ncia de g\u00e8nere, convocarem una concentraci\u00f3 \u2013amb totes les mesures de prevenci\u00f3 per la COVID-19- per condemnar aquest fet.<\/p>\n\n\n\n<p class=\"has-text-align-right\"><strong>Ajuntament de La Bisbal del Pened\u00e8s<\/strong><\/p>\n\n\n\n<p class=\"has-text-align-right\"><strong>Dimarts 27 d\u2019abril de 2021<\/strong><\/p>\n\n\n\n<hr class=\"wp-block-separator is-style-wide\"\/>\n\n\n\n<p><strong>CASTELLANO |<\/strong> Desde el Ayuntamiento de la Bisbal del Pened\u00e8s lamentamos la muerte de una vecina de Can Gordei a causa de un incendio en su vivienda y queremos expresar nuestro m\u00e1s sentido p\u00e9same a los familiares y amigos de la v\u00edctima.<\/p>\n\n\n\n<p>En estos momentos el cuerpo de Mossos d\u2019Esquadra est\u00e1 llevando a cabo una investigaci\u00f3n para aclarar las causas del origen del incendio y, aunque varios medios de comunicaci\u00f3n han publicado que se tratar\u00eda de un caso de violencia de g\u00e9nero, el Ayuntamiento todav\u00eda no dispone de una comunicaci\u00f3n oficial de Mossos d\u2019Esquadra que lo afirme. De hecho, se nos ha comunicado que la investigaci\u00f3n contin\u00faa abierta y que se nos ir\u00e1 informando cuando haya informaci\u00f3n confirmada.<\/p>\n\n\n\n<p>Desde el Ayuntamiento de la Bisbal del Pened\u00e8s condenamos todo tipo de violencia y, si se confirma que es un caso de violencia de g\u00e9nero, convocaremos una concentraci\u00f3n -con todas las medidas de prevenci\u00f3n por la COVID-19- para condenar este hecho.<\/p>\n\n\n\n<p class=\"has-text-align-right\"><strong>Ajuntament de La Bisbal del Pened\u00e8s<\/strong><\/p>\n\n\n\n<p class=\"has-text-align-right\"><strong>Dimarts 27 d\u2019abril de 2021<\/strong><\/p>\n","protected":false},"excerpt":{"rendered":"<p>Des de l\u2019Ajuntament de la Bisbal del Pened\u00e8s lamentem la mort d\u2019una ve\u00efna de Can Gordei a causa d\u2019un incendi al seu habitatge i volem expressar el nostre m\u00e9s sentit &hellip; <a href=\"https:\/\/bisbalpenedes.com\/web\/2021\/04\/27\/comunicat-lajuntament-lamenta-la-mort-duna-veina-de-can-gordei\/\" class=\"more-link\">Read More<\/a><\/p>\n","protected":false},"author":4,"featured_media":6737,"comment_status":"closed","ping_status":"closed","sticky":false,"template":"","format":"standard","meta":[],"categories":[2402,8],"tags":[198,1605,2107],"_links":{"self":[{"href":"https:\/\/bisbalpenedes.com\/web\/wp-json\/wp\/v2\/posts\/17396"}],"collection":[{"href":"https:\/\/bisbalpenedes.com\/web\/wp-json\/wp\/v2\/posts"}],"about":[{"href":"https:\/\/bisbalpenedes.com\/web\/wp-json\/wp\/v2\/types\/post"}],"author":[{"embeddable":true,"href":"https:\/\/bisbalpenedes.com\/web\/wp-json\/wp\/v2\/users\/4"}],"replies":[{"embeddable":true,"href":"https:\/\/bisbalpenedes.com\/web\/wp-json\/wp\/v2\/comments?post=17396"}],"version-history":[{"count":1,"href":"https:\/\/bisbalpenedes.com\/web\/wp-json\/wp\/v2\/posts\/17396\/revisions"}],"predecessor-version":[{"id":17397,"href":"https:\/\/bisbalpenedes.com\/web\/wp-json\/wp\/v2\/posts\/17396\/revisions\/17397"}],"wp:featuredmedia":[{"embeddable":true,"href":"https:\/\/bisbalpenedes.com\/web\/wp-json\/wp\/v2\/media\/6737"}],"wp:attachment":[{"href":"https:\/\/bisbalpenedes.com\/web\/wp-json\/wp\/v2\/media?parent=17396"}],"wp:term":[{"taxonomy":"category","embeddable":true,"href":"https:\/\/bisbalpenedes.com\/web\/wp-json\/wp\/v2\/categories?post=17396"},{"taxonomy":"post_tag","embeddable":true,"href":"https:\/\/bisbalpenedes.com\/web\/wp-json\/wp\/v2\/tags?post=17396"}],"curies":[{"name":"wp","href":"https:\/\/api.w.org\/{rel}","templated":true}]}}