{"id":17391,"date":"2021-04-26T15:12:08","date_gmt":"2021-04-26T13:12:08","guid":{"rendered":"https:\/\/bisbalpenedes.com\/web\/?p=17391"},"modified":"2021-04-26T15:12:08","modified_gmt":"2021-04-26T13:12:08","slug":"aquest-dissabte-sha-presentat-el-llibre-les-barraques-de-pedra-seca-de-la-bisbal-del-penedes-part-1-oest-del-bisbalenc-jaume-miro-i-banach","status":"publish","type":"post","link":"https:\/\/bisbalpenedes.com\/web\/2021\/04\/26\/aquest-dissabte-sha-presentat-el-llibre-les-barraques-de-pedra-seca-de-la-bisbal-del-penedes-part-1-oest-del-bisbalenc-jaume-miro-i-banach\/","title":{"rendered":"Aquest dissabte s\u2019ha presentat el llibre \u201cLes barraques de pedra seca de la Bisbal del Pened\u00e8s\u201d \u2013 Part 1 OEST del bisbalenc Jaume Mir\u00f3 i Banach"},"content":{"rendered":"\n<p>Un any m\u00e9s l\u2019Ajuntament de la Bisbal del Pened\u00e8s ha presentat un llibre de tem\u00e0tica bisbalenca amb motiu de Sant Jordi. Enguany, ha editat el llibre \u201cLes barraques de pedra seca de la Bisbal del Pened\u00e8s\u201d de Jaume Mir\u00f3 Banach (Part 1 \u2013 oest), que ha vist la llum aquest dissabte al mat\u00ed en un acte celebrat a Mas Llagostera. La presentaci\u00f3 ha comptat amb una visita guiada teatralitzada a una barraca de pedra seca a c\u00e0rrec de l\u2019entitat El Garrofer i l\u2019associaci\u00f3 cultural La Porta de Fusta i amb un vermut musical amb l\u2019acompanyament del Jazz Attack Quartet. Durant l\u2019acte han pres la paraula l\u2019autor, Jaume Mir\u00f3; Robert Rovira com a representant de l\u2019Associaci\u00f3 per la Pedra Seca i l\u2019Arquitectura Tradicional (APSAT) i l\u2019alcaldessa de la Bisbal del Pened\u00e8s, Agn\u00e8s Ferr\u00e9.<\/p>\n\n\n\n<p>Aquest llibre \u00e9s la primera part d\u2019una obra que es divideix en dues parts, ja que com explica l\u2019autor \u201ca causa de la gran quantitat de barraques que s\u2019han localitzat en el nostre terme municipal -m\u00e9s de 400- s\u2019ha optat per publicar les corresponents fitxes en dos volums\u201d. La primera part del llibre cont\u00e9 una introducci\u00f3 a l\u2019obra, que descriu el paisatge bisbalenc i contextualitza la construcci\u00f3 de barraques de pedra seca i de marges. Aix\u00ed mateix, aquesta part del llibre detalla les caracter\u00edstiques i els tipus de barraques que trobem al territori i aprofundeix en les persones i entitats que s\u2019han dedicat i es dediquen a l\u2019estudi i a la divulgaci\u00f3 del patrimoni de la pedra seca. Aquest pre\u00e0mbul finalitza explicant que la pedra seca \u00e9s Patrimoni Immaterial de la Humanitat des del novembre de 2018.<\/p>\n\n\n\n<p>La segona part del llibre cont\u00e9 els mapes i les fitxes de les barraques de pedra seca situades a la banda de ponent del terme municipal de La Bisbal del Pened\u00e8s. Tal com explica l\u2019autor, \u201caproximadament les situades als paratges o partides de Cal Sumoi, Mas Ser\u00e8, Mas Tarrag\u00f3, Cal Veita, Pineda, torrent i fondo de Santa Cristina, Ca l\u2019Arbocet, la Masieta, la Riba, Cal Llac, l\u2019Esplai, carretera de Masarbon\u00e8s, torrent de la Seguera, Clot de Bou, Gordei, Cal Llagostera i part de Cal Pros, Clot de l\u2019Hora, la Gaona i Ca la Jana\u201d.<\/p>\n\n\n\n<p>Val a dir que, durant l\u2019acte, l\u2019alcaldessa de La Bisbal del Pened\u00e8s ha agafat el comprom\u00eds de declarar les construccions de pedra seca de La Bisbal del Pened\u00e8s com a b\u00e9 d\u2019inter\u00e9s local.<\/p>\n\n\n\n<p>El llibre es pot adquirir a l\u2019Ajuntament de La Bisbal del Pened\u00e8s i a la Biblioteca p\u00fablica de la Bisbal del Pened\u00e8s pel preu de 10\u20ac<\/p>\n\n\n\n<hr class=\"wp-block-separator is-style-wide\"\/>\n\n\n\n<p><strong>CASTELLANO |<\/strong> Un a\u00f1o m\u00e1s el Ayuntamiento de la Bisbal del Pened\u00e8s ha presentado un libro de tem\u00e1tica bisbalenca con motivo de Sant Jordi. Este a\u00f1o, ha editado el libro \u201cLes barraques de pedra seca de la Bisbal del Pened\u00e8s\u201d de Jaume Mir\u00f3 Banach (Parte 1 \u2013 oeste), que ha visto la luz este s\u00e1bado por la ma\u00f1ana en un acto celebrado en Mas Llagostera. La presentaci\u00f3n ha contado con una visita guiada teatralizada a una barraca de piedra seca a cargo de la entidad El Garrofer y l\u2019Associaci\u00f3 cultural La Porta de Fusta y con un vermut musical con el acompa\u00f1amiento del Jazz Attack Quartet. Durante el acto han tomado la palabra el autor, Jaume Mir\u00f3; Robert Rovira como representante de la Associaci\u00f3 per la Pedra Seca i l\u2019Arquitectura Tradicional (APSAT) y la alcaldesa de la Bisbal del Pened\u00e8s, Agn\u00e8s Ferr\u00e9.<\/p>\n\n\n\n<p>Este libro es la primera parte de una obra que se divide en dos partes, puesto que como explica el autor \u201ca causa de la gran cantidad de barracas que se han localizado en nuestro t\u00e9rmino municipal -m\u00e1s de 400- se ha optado por publicar las correspondientes fichas en dos vol\u00famenes\u201d. La primera parte del libro contiene una introducci\u00f3n a la obra, que describe el paisaje bisbalense y contextualiza la construcci\u00f3n de barracas de piedra seca y de m\u00e1rgenes. As\u00ed mismo, esta parte del libro detalla las caracter\u00edsticas y los tipos de barracas que encontramos en el territorio y profundiza en las personas y entidades que se han dedicado y se dedican al estudio y a la divulgaci\u00f3n del patrimonio de la piedra seca. Este pre\u00e1mbulo finaliza explicando que la piedra seca es Patrimonio Inmaterial de la Humanidad desde noviembre de 2018.<\/p>\n\n\n\n<p>La segunda parte del libro contiene los mapas y las fichas de las barracas de piedra seca situadas en la zona de poniente del t\u00e9rmino municipal de La Bisbal del Pened\u00e8s. Tal como explica el autor, \u201caproximadamente las situadas a los parajes o partidas de Cal Sumoi, Mas Ser\u00e8, Mas Tarrag\u00f3, Cal Veita, Pineda, torrent i fondo de Santa Cristina, Ca l\u2019Arbocet, la Masieta, la Riba, Cal Llac, l\u2019Esplai, carretera de Masarbon\u00e8s, torrent de la Seguera, Clot de Bou, Gordei, Cal Llagostera i part de Cal Pros, Clot de l\u2019Hora, la Gaona y Ca la Jana\u201d.<\/p>\n\n\n\n<p>Cabe decir que, durante el acto, la alcaldesa de La Bisbal del Pened\u00e8s ha cogido el compromiso de declarar las construcciones de piedra seca de La Bisbal del Pened\u00e8s como bien de inter\u00e9s local.<\/p>\n\n\n\n<p>El libro se puede adquirir en el Ayuntamiento de La Bisbal del Pened\u00e8s y en la Biblioteca p\u00fablica de la Bisbal del Pened\u00e8s por el precio de 10\u20ac<\/p>\n","protected":false},"excerpt":{"rendered":"<p>Un any m\u00e9s l\u2019Ajuntament de la Bisbal del Pened\u00e8s ha presentat un llibre de tem\u00e0tica bisbalenca amb motiu de Sant Jordi. Enguany, ha editat el llibre \u201cLes barraques de pedra &hellip; <a href=\"https:\/\/bisbalpenedes.com\/web\/2021\/04\/26\/aquest-dissabte-sha-presentat-el-llibre-les-barraques-de-pedra-seca-de-la-bisbal-del-penedes-part-1-oest-del-bisbalenc-jaume-miro-i-banach\/\" class=\"more-link\">Read More<\/a><\/p>\n","protected":false},"author":4,"featured_media":17393,"comment_status":"closed","ping_status":"closed","sticky":false,"template":"","format":"standard","meta":[],"categories":[13,8],"tags":[4455,393,47,491,352,64],"_links":{"self":[{"href":"https:\/\/bisbalpenedes.com\/web\/wp-json\/wp\/v2\/posts\/17391"}],"collection":[{"href":"https:\/\/bisbalpenedes.com\/web\/wp-json\/wp\/v2\/posts"}],"about":[{"href":"https:\/\/bisbalpenedes.com\/web\/wp-json\/wp\/v2\/types\/post"}],"author":[{"embeddable":true,"href":"https:\/\/bisbalpenedes.com\/web\/wp-json\/wp\/v2\/users\/4"}],"replies":[{"embeddable":true,"href":"https:\/\/bisbalpenedes.com\/web\/wp-json\/wp\/v2\/comments?post=17391"}],"version-history":[{"count":1,"href":"https:\/\/bisbalpenedes.com\/web\/wp-json\/wp\/v2\/posts\/17391\/revisions"}],"predecessor-version":[{"id":17392,"href":"https:\/\/bisbalpenedes.com\/web\/wp-json\/wp\/v2\/posts\/17391\/revisions\/17392"}],"wp:featuredmedia":[{"embeddable":true,"href":"https:\/\/bisbalpenedes.com\/web\/wp-json\/wp\/v2\/media\/17393"}],"wp:attachment":[{"href":"https:\/\/bisbalpenedes.com\/web\/wp-json\/wp\/v2\/media?parent=17391"}],"wp:term":[{"taxonomy":"category","embeddable":true,"href":"https:\/\/bisbalpenedes.com\/web\/wp-json\/wp\/v2\/categories?post=17391"},{"taxonomy":"post_tag","embeddable":true,"href":"https:\/\/bisbalpenedes.com\/web\/wp-json\/wp\/v2\/tags?post=17391"}],"curies":[{"name":"wp","href":"https:\/\/api.w.org\/{rel}","templated":true}]}}