{"id":17353,"date":"2021-04-22T10:00:00","date_gmt":"2021-04-22T08:00:00","guid":{"rendered":"https:\/\/bisbalpenedes.com\/web\/?p=17353"},"modified":"2021-04-22T13:43:41","modified_gmt":"2021-04-22T11:43:41","slug":"informacio-sobre-on-adquirir-el-llibre-les-barraques-de-pedra-seca-a-la-bisbal-del-penedes-de-jaume-miro-editat-per-lajuntament-de-la-bisbal-del-penedes","status":"publish","type":"post","link":"https:\/\/bisbalpenedes.com\/web\/2021\/04\/22\/informacio-sobre-on-adquirir-el-llibre-les-barraques-de-pedra-seca-a-la-bisbal-del-penedes-de-jaume-miro-editat-per-lajuntament-de-la-bisbal-del-penedes\/","title":{"rendered":"Informaci\u00f3 sobre on adquirir el llibre &#8220;Les barraques de pedra seca a La Bisbal del Pened\u00e8s&#8221; de Jaume Mir\u00f3 editat per l&#8217;Ajuntament de La Bisbal del Pened\u00e8s"},"content":{"rendered":"\n<p>Aquest dissabte 24 d&#8217;abril presentarem el llibre &#8220;Les barraques de pedra seca a La Bisbal del Pened\u00e8s&#8221; (Part 1- Oest) de Jaume Mir\u00f3 i Banach. El llibre es podr\u00e0 adquirir despr\u00e9s de la presentaci\u00f3 pel preu de 10\u20ac. Les entrades per a l&#8217;acte estan exhaurides, per\u00f2 podreu adquirir-lo a partir del dilluns 26 d&#8217;abril a l&#8217;Ajuntament i a la Biblioteca pel preu de 10\u20ac.<br><\/p>\n\n\n\n<hr class=\"wp-block-separator is-style-default\"\/>\n\n\n\n<p>Este s\u00e1bado 24 de abril presentaremos el libro &#8220;Les barraques de pedra seca a La Bisbal del Pened\u00e8s&#8221; (Parte 1 &#8211; Oeste) de Jaume Mir\u00f3 Banach. El libro se podr\u00e1 adquirir despu\u00e9s de la presentaci\u00f3n por el precio de 10\u20ac.Las entradas para el acto est\u00e1n agotadas, pero podr\u00e9is adquirirlo a partir del lunes 26 de abril en el Ayuntamiento y en la Biblioteca por el precio de 10\u20ac.<\/p>\n\n\n\n<p><\/p>\n","protected":false},"excerpt":{"rendered":"<p>Aquest dissabte 24 d&#8217;abril presentarem el llibre &#8220;Les barraques de pedra seca a La Bisbal del Pened\u00e8s&#8221; (Part 1- Oest) de Jaume Mir\u00f3 i Banach. El llibre es podr\u00e0 adquirir &hellip; <a href=\"https:\/\/bisbalpenedes.com\/web\/2021\/04\/22\/informacio-sobre-on-adquirir-el-llibre-les-barraques-de-pedra-seca-a-la-bisbal-del-penedes-de-jaume-miro-editat-per-lajuntament-de-la-bisbal-del-penedes\/\" class=\"more-link\">Read More<\/a><\/p>\n","protected":false},"author":4,"featured_media":17362,"comment_status":"closed","ping_status":"closed","sticky":false,"template":"","format":"standard","meta":[],"categories":[13,8],"tags":[4455,47,352,64],"_links":{"self":[{"href":"https:\/\/bisbalpenedes.com\/web\/wp-json\/wp\/v2\/posts\/17353"}],"collection":[{"href":"https:\/\/bisbalpenedes.com\/web\/wp-json\/wp\/v2\/posts"}],"about":[{"href":"https:\/\/bisbalpenedes.com\/web\/wp-json\/wp\/v2\/types\/post"}],"author":[{"embeddable":true,"href":"https:\/\/bisbalpenedes.com\/web\/wp-json\/wp\/v2\/users\/4"}],"replies":[{"embeddable":true,"href":"https:\/\/bisbalpenedes.com\/web\/wp-json\/wp\/v2\/comments?post=17353"}],"version-history":[{"count":1,"href":"https:\/\/bisbalpenedes.com\/web\/wp-json\/wp\/v2\/posts\/17353\/revisions"}],"predecessor-version":[{"id":17355,"href":"https:\/\/bisbalpenedes.com\/web\/wp-json\/wp\/v2\/posts\/17353\/revisions\/17355"}],"wp:featuredmedia":[{"embeddable":true,"href":"https:\/\/bisbalpenedes.com\/web\/wp-json\/wp\/v2\/media\/17362"}],"wp:attachment":[{"href":"https:\/\/bisbalpenedes.com\/web\/wp-json\/wp\/v2\/media?parent=17353"}],"wp:term":[{"taxonomy":"category","embeddable":true,"href":"https:\/\/bisbalpenedes.com\/web\/wp-json\/wp\/v2\/categories?post=17353"},{"taxonomy":"post_tag","embeddable":true,"href":"https:\/\/bisbalpenedes.com\/web\/wp-json\/wp\/v2\/tags?post=17353"}],"curies":[{"name":"wp","href":"https:\/\/api.w.org\/{rel}","templated":true}]}}