{"id":17349,"date":"2021-04-21T22:14:02","date_gmt":"2021-04-21T20:14:02","guid":{"rendered":"https:\/\/bisbalpenedes.com\/web\/?p=17349"},"modified":"2021-04-21T22:14:02","modified_gmt":"2021-04-21T20:14:02","slug":"comunicat-dalcaldia-sobre-la-proposta-dinstallacio-de-parcs-fotovoltaics-en-terrenys-agricoles","status":"publish","type":"post","link":"https:\/\/bisbalpenedes.com\/web\/2021\/04\/21\/comunicat-dalcaldia-sobre-la-proposta-dinstallacio-de-parcs-fotovoltaics-en-terrenys-agricoles\/","title":{"rendered":"Comunicat d&#8217;alcaldia sobre la proposta d&#8217;instal\u00b7laci\u00f3 de parcs fotovoltaics en terrenys agr\u00edcoles"},"content":{"rendered":"\n<p><span class=\"has-inline-color has-cyan-bluish-gray-color\">Imatge d&#8217;arxiu<\/span><\/p>\n\n\n\n<p>L\u2019Ajuntament de la Bisbal del Pened\u00e8s <strong>se segueix oposant als projectes de parcs fotovoltaics en terrenys agr\u00edcoles productius sense el consens del territori.<\/strong><\/p>\n\n\n\n<p>El passat mes de novembre van arribar tres consultes de viabilitat per a instal\u00b7lacions fotovoltaiques:<\/p>\n\n\n\n<p>-La ISF Castellet, que afecta els municipis de Sant Jaume dels Domenys, Lloren\u00e7 del Pened\u00e8s, La Bisbal del Pened\u00e8s i Banyeres amb dest\u00ed final a l\u2019Arbo\u00e7. La instal\u00b7laci\u00f3 tindria 92.583 m\u00f2duls per tenir una pot\u00e8ncia total de 45MWn i 50Mwins de pot\u00e8ncia pic ocupant una superf\u00edcie total de 78,10 hect\u00e0rees de terreny agr\u00edcola repartides entre els quatre municipis.<\/p>\n\n\n\n<p>-Dos projectes t\u00e8cnics que afecten el municipi de La Bisbal del Pened\u00e8s. La proposta del projecte t\u00e8cnic de planta solar \u201cLes Planes\u201d tindria 11.400 panells, 5.928 kWp i una superf\u00edcie de terreny agr\u00edcola aproximada de 9,3 hect\u00e0rees.<\/p>\n\n\n\n<p>Aquesta va ser la primera not\u00edcia que vam tenir els ajuntaments sobre la instal\u00b7laci\u00f3 d\u2019aquestes instal\u00b7lacions i, els consistoris afectats, vam presentar al\u00b7legacions per aturar els projectes de plantes fotovoltaiques, fent arribar propostes alternatives que plantejaven la ubicaci\u00f3 dels m\u00f2duls en sostres d\u2019empreses i en terrenys industrials per\u00f2 no en terrenys agr\u00edcoles ni protegits. Paral\u00b7lelament, es va per p\u00fablic un <a href=\"https:\/\/bisbalpenedes.com\/web\/wp-content\/uploads\/2020\/12\/Manifest-Parcs-Fotovoltaics-Consnsuats.pdf\">manifest<\/a>, aprovat per unanimitat al Consell d\u2019alcaldes del Consell Comarcal del Baix Pened\u00e8s i al Ple ordinari de la Bisbal del Pened\u00e8s, que expressava que diem \u201cS\u00cd a l\u2019energia sostenible, a les instal\u00b7lacions d\u2019autoconsum a les ind\u00fastries i a la instal\u00b7laci\u00f3 de parcs fotovoltaics a parcel\u00b7les industrials. NO a la proposta de planta fotovoltaica en terrenys agr\u00edcoles en \u00fas perjudicant la nostra comarca i el seu entorn social, econ\u00f2mic, natural i paisatg\u00edstic\u201d.<\/p>\n\n\n\n<p>El passat mes de febrer va arribar l\u2019informe desfavorable sobre els projectes de viabilitat de parcs solars fotovoltaics em\u00e8s per part de la Direcci\u00f3 General de Pol\u00edtiques Ambientals i Medi Ambient de la Generalitat de Catalunya, que desaconsellava la proposta i, al mes de mar\u00e7, va arribar un recurs de reposici\u00f3 de dues de les tres empreses que volien instal\u00b7lar solars fotovoltaics, donant a l\u2019Ajuntament un termini per fer al\u00b7legacions. Aquest mes d\u2019abril, l\u2019Ajuntament de La Bisbal del Pened\u00e8s ha enviat un informe desfavorable responent les al\u00b7legacions presentades per l\u2019empresa, que segueix sense consensuar el projecte amb el territori. Mitjan\u00e7ant aquest comunicat us faig coneixedors dels principals arguments defensats en l\u2019informe desfavorable dels t\u00e8cnics municipals:<\/p>\n\n\n\n<ul><li>L\u2019\u00e0rea on es vol ubicar aquest projecte \u00e9s una \u00e0rea molt propera a l\u2019\u00e0liga cuabarrada, que es troba a la zona<\/li><li>La documentaci\u00f3 que presenten segueix presentant discrep\u00e0ncies significatives<\/li><li>Segueixen sense presentar estudis d\u2019impacte i integraci\u00f3 paisatg\u00edstica del projecte<\/li><li>En un dels projectes la proposta est\u00e0 superposada damunt de camins p\u00fablics rurals<\/li><li>Reiterem que es considerin altres alternatives que no afectin s\u00f2ls agraris productius ni s\u00f2ls de protecci\u00f3 preventiva<\/li><\/ul>\n\n\n\n<p class=\"has-text-align-right\"><strong>Agn\u00e8s Ferr\u00e9 i Ca\u00f1ellas<\/strong><\/p>\n\n\n\n<p class=\"has-text-align-right\"><strong>Alcaldessa de La Bisbal del Pened\u00e8s<\/strong><\/p>\n\n\n\n<p class=\"has-text-align-right\"><strong>La Bisbal del Pened\u00e8s, 21 d\u2019abril de 2021<\/strong><\/p>\n\n\n\n<hr class=\"wp-block-separator is-style-wide\"\/>\n\n\n\n<p><strong>COMUNICADO DE ALCALD\u00cdA SOBRE LA PROPUESTA DE INSTALACI\u00d3N DE PARQUES FOTOVOLTAICOS EN TERRENOS AGR\u00cdCOLAS<\/strong><\/p>\n\n\n\n<p>El Ayuntamiento de la Bisbal del Pened\u00e8s se sigue oponiendo a los proyectos de parques fotovoltaicos en terrenos agr\u00edcolas productivos sin el consenso del territorio.<\/p>\n\n\n\n<p>El pasado mes de noviembre llegaron tres consultas de viabilidad para instalaciones fotovoltaicas:<\/p>\n\n\n\n<p>-La ISF Castellet, que afecta a los municipios de Sant Jaume dels Domenys, Lloren\u00e7 del Pened\u00e8s, La Bisbal del Pened\u00e8s y Banyeres con destino final en l&#8217;Arbo\u00e7. La instalaci\u00f3n tendr\u00eda 92.583 m\u00f3dulos para tener una potencia total de 45MWn y 50Mwins de potencia pico ocupando una superficie total de 78,10 hect\u00e1reas de terreno agr\u00edcola repartidas entre los cuatro municipios.<\/p>\n\n\n\n<p>-Dos proyectos t\u00e9cnicos que afectan al municipio de La Bisbal del Pened\u00e8s. La propuesta del proyecto t\u00e9cnico de planta solar \u201cLas Planes\u201d tendr\u00eda 11.400 paneles, 5.928 kWp y una superficie de terreno agr\u00edcola aproximada de 9,3 hect\u00e1reas.<\/p>\n\n\n\n<p>Esta fue la primera noticia que tuvimos los ayuntamientos sobre la instalaci\u00f3n de estas instalaciones y, los consistorios afectados, presentamos alegaciones para parar los proyectos de plantas fotovoltaicas, haciendo llegar propuestas alternativas que planteaban la ubicaci\u00f3n de los m\u00f3dulos en techos de empresas y en terrenos industriales pero no en terrenos agr\u00edcolas ni protegidos. Paralelamente, se hizo p\u00fablico un <a href=\"https:\/\/bisbalpenedes.com\/web\/wp-content\/uploads\/2020\/12\/Manifest-Parcs-Fotovoltaics-Consnsuats.pdf\">manifiesto<\/a>, aprobado por unanimidad en el Consejo de alcaldes del Consell Comarcal del Baix Pened\u00e8s y en el Pleno ordinario de la Bisbal del Pened\u00e8s, que expresaba que decimos \u201cS\u00cd a la energ\u00eda sostenible, a las instalaciones de autoconsumo en las industrias y a la instalaci\u00f3n de parques fotovoltaicos en parcelas industriales. NO a la propuesta de planta fotovoltaica en terrenos agr\u00edcolas en uso perjudicando a nuestra comarca y su entorno social, econ\u00f3mico, natural y paisaj\u00edstico\u201d.<\/p>\n\n\n\n<p>El pasado mes de febrero lleg\u00f3 el informe desfavorable sobre los proyectos de viabilidad de parques solares fotovoltaicos emitido por parte de la Direcci\u00f3n General de Pol\u00edticas Ambientales y Medio Ambiente de la Generalitat de Catalunya, que desaconsejaba la propuesta y, en el mes de marzo, lleg\u00f3 un recurso de reposici\u00f3n de dos de las tres empresas que quer\u00edan instalar solares fotovoltaicos, dando al Ayuntamiento un plazo para hacer alegaciones. Este mes de abril, el Ayuntamiento de La Bisbal del Pened\u00e8s ha enviado un informe desfavorable respondiendo a las alegaciones presentadas por la empresa, que sigue sin consensuar el proyecto con el territorio. Mediante este comunicado os hago conocedores de los principales argumentos defendidos en el informe desfavorable de los t\u00e9cnicos municipales:<\/p>\n\n\n\n<ul><li>El \u00e1rea donde se quiere ubicar este proyecto es una \u00e1rea muy pr\u00f3xima en el \u00e1guila perdicera, que se encuentra en la zona<\/li><li>La documentaci\u00f3n que presentan sigue presentando discrepancias significativas<\/li><li>Siguen sin presentar estudios de impacto e integraci\u00f3n paisaj\u00edstica del proyecto<\/li><li>En uno de los proyectos la propuesta est\u00e1 superpuesta encima de caminos p\u00fablicos rurales<\/li><li>Reiteramos que se consideren otras alternativas que no afecten suelos agrarios productivos ni suelos de protecci\u00f3n preventiva<\/li><\/ul>\n\n\n\n<p class=\"has-text-align-right\"><strong>Agn\u00e8s Ferr\u00e9 y Ca\u00f1ellas<\/strong><\/p>\n\n\n\n<p class=\"has-text-align-right\"><strong>Alcaldesa de La Bisbal del Pened\u00e8s<\/strong><\/p>\n\n\n\n<p class=\"has-text-align-right\"><strong>La Bisbal del Pened\u00e8s, 21 de abril de 2021<\/strong><\/p>\n","protected":false},"excerpt":{"rendered":"<p>Imatge d&#8217;arxiu L\u2019Ajuntament de la Bisbal del Pened\u00e8s se segueix oposant als projectes de parcs fotovoltaics en terrenys agr\u00edcoles productius sense el consens del territori. El passat mes de novembre &hellip; <a href=\"https:\/\/bisbalpenedes.com\/web\/2021\/04\/21\/comunicat-dalcaldia-sobre-la-proposta-dinstallacio-de-parcs-fotovoltaics-en-terrenys-agricoles\/\" class=\"more-link\">Read More<\/a><\/p>\n","protected":false},"author":4,"featured_media":17350,"comment_status":"closed","ping_status":"closed","sticky":false,"template":"","format":"standard","meta":[],"categories":[2057,8],"tags":[1151,3173,4182,393,4453,4454],"_links":{"self":[{"href":"https:\/\/bisbalpenedes.com\/web\/wp-json\/wp\/v2\/posts\/17349"}],"collection":[{"href":"https:\/\/bisbalpenedes.com\/web\/wp-json\/wp\/v2\/posts"}],"about":[{"href":"https:\/\/bisbalpenedes.com\/web\/wp-json\/wp\/v2\/types\/post"}],"author":[{"embeddable":true,"href":"https:\/\/bisbalpenedes.com\/web\/wp-json\/wp\/v2\/users\/4"}],"replies":[{"embeddable":true,"href":"https:\/\/bisbalpenedes.com\/web\/wp-json\/wp\/v2\/comments?post=17349"}],"version-history":[{"count":1,"href":"https:\/\/bisbalpenedes.com\/web\/wp-json\/wp\/v2\/posts\/17349\/revisions"}],"predecessor-version":[{"id":17351,"href":"https:\/\/bisbalpenedes.com\/web\/wp-json\/wp\/v2\/posts\/17349\/revisions\/17351"}],"wp:featuredmedia":[{"embeddable":true,"href":"https:\/\/bisbalpenedes.com\/web\/wp-json\/wp\/v2\/media\/17350"}],"wp:attachment":[{"href":"https:\/\/bisbalpenedes.com\/web\/wp-json\/wp\/v2\/media?parent=17349"}],"wp:term":[{"taxonomy":"category","embeddable":true,"href":"https:\/\/bisbalpenedes.com\/web\/wp-json\/wp\/v2\/categories?post=17349"},{"taxonomy":"post_tag","embeddable":true,"href":"https:\/\/bisbalpenedes.com\/web\/wp-json\/wp\/v2\/tags?post=17349"}],"curies":[{"name":"wp","href":"https:\/\/api.w.org\/{rel}","templated":true}]}}