{"id":17346,"date":"2021-04-21T09:15:12","date_gmt":"2021-04-21T07:15:12","guid":{"rendered":"https:\/\/bisbalpenedes.com\/web\/?p=17346"},"modified":"2021-04-21T09:15:12","modified_gmt":"2021-04-21T07:15:12","slug":"sant-jordi-2021-les-activitats-dels-dies-23-i-24-dabril-estan-exhaurides","status":"publish","type":"post","link":"https:\/\/bisbalpenedes.com\/web\/2021\/04\/21\/sant-jordi-2021-les-activitats-dels-dies-23-i-24-dabril-estan-exhaurides\/","title":{"rendered":"Sant Jordi 2021: les activitats dels dies 23 i 24 d&#8217;abril estan exhaurides"},"content":{"rendered":"\n<p>Us fem saber que les entrades per a les activitats dels dies 23 i 24 d&#8217;abril estan exhaurides.&nbsp;<\/p>\n\n\n\n<p>Des de la Regidoria de Cultura estem molt contents de la rebuda que han tingut les activitats. Hem treballat amb molta il\u00b7lusi\u00f3 per poder tenir un Sant Jordi com ens mereixem, ja que l&#8217;any passat no va ser possible, i volem agrair molt la participaci\u00f3 de totes les persones que s&#8217;han inscrit als actes. La cultura \u00e9s segura, ho hem defensat des del primer dia, seguint totes les mesures per poder gaudir d&#8217;activitats culturals de qualitat a La Bisbal.<\/p>\n\n\n\n<p>Encara queda alguna pla\u00e7a lliure per gaudir de l&#8217;activitat familiar del dijous 22 a la Biblioteca i, com sabeu, fins al 21 de maig podeu visitar l&#8217;exposici\u00f3 sobre la pedra seca al CMC.<\/p>\n\n\n\n<hr class=\"wp-block-separator\"\/>\n\n\n\n<p>Os hacemos saber que las entradas para las actividades de los d\u00edas 23 y 24 de abril est\u00e1n agotadas. Desde la Concejal\u00eda de Cultura estamos muy contentos de la aceptaci\u00f3n que han tenido las actividades. Hemos trabajado con mucha ilusi\u00f3n para poder tener un Sant Jordi como el que nos merecemos, ya que el a\u00f1o pasado no fue posible, y queremos agradecer mucho la participaci\u00f3n de todas las personas que se han inscrito en los actos. La cultura es segura, lo hemos defendido desde el primer d\u00eda, siguiendo todas las medidas para poder disfrutar de actividades culturales de calidad en La Bisbal.<\/p>\n\n\n\n<p>Todav\u00eda queda alguna plaza libre para disfrutar de la actividad familiar del jueves 22 en la Biblioteca y, como sab\u00e9is, hasta el 21 de mayo pod\u00e9is visitar la exposici\u00f3n sobre la piedra seca en el CMC.<\/p>\n","protected":false},"excerpt":{"rendered":"<p>Us fem saber que les entrades per a les activitats dels dies 23 i 24 d&#8217;abril estan exhaurides.&nbsp; Des de la Regidoria de Cultura estem molt contents de la rebuda &hellip; <a href=\"https:\/\/bisbalpenedes.com\/web\/2021\/04\/21\/sant-jordi-2021-les-activitats-dels-dies-23-i-24-dabril-estan-exhaurides\/\" class=\"more-link\">Read More<\/a><\/p>\n","protected":false},"author":4,"featured_media":17347,"comment_status":"closed","ping_status":"closed","sticky":false,"template":"","format":"standard","meta":[],"categories":[2942,13,8],"tags":[1198,538,64],"_links":{"self":[{"href":"https:\/\/bisbalpenedes.com\/web\/wp-json\/wp\/v2\/posts\/17346"}],"collection":[{"href":"https:\/\/bisbalpenedes.com\/web\/wp-json\/wp\/v2\/posts"}],"about":[{"href":"https:\/\/bisbalpenedes.com\/web\/wp-json\/wp\/v2\/types\/post"}],"author":[{"embeddable":true,"href":"https:\/\/bisbalpenedes.com\/web\/wp-json\/wp\/v2\/users\/4"}],"replies":[{"embeddable":true,"href":"https:\/\/bisbalpenedes.com\/web\/wp-json\/wp\/v2\/comments?post=17346"}],"version-history":[{"count":1,"href":"https:\/\/bisbalpenedes.com\/web\/wp-json\/wp\/v2\/posts\/17346\/revisions"}],"predecessor-version":[{"id":17348,"href":"https:\/\/bisbalpenedes.com\/web\/wp-json\/wp\/v2\/posts\/17346\/revisions\/17348"}],"wp:featuredmedia":[{"embeddable":true,"href":"https:\/\/bisbalpenedes.com\/web\/wp-json\/wp\/v2\/media\/17347"}],"wp:attachment":[{"href":"https:\/\/bisbalpenedes.com\/web\/wp-json\/wp\/v2\/media?parent=17346"}],"wp:term":[{"taxonomy":"category","embeddable":true,"href":"https:\/\/bisbalpenedes.com\/web\/wp-json\/wp\/v2\/categories?post=17346"},{"taxonomy":"post_tag","embeddable":true,"href":"https:\/\/bisbalpenedes.com\/web\/wp-json\/wp\/v2\/tags?post=17346"}],"curies":[{"name":"wp","href":"https:\/\/api.w.org\/{rel}","templated":true}]}}