{"id":17343,"date":"2021-04-21T07:00:00","date_gmt":"2021-04-21T05:00:00","guid":{"rendered":"https:\/\/bisbalpenedes.com\/web\/?p=17343"},"modified":"2021-04-20T17:54:18","modified_gmt":"2021-04-20T15:54:18","slug":"el-centre-municipal-de-cultura-acull-lexposicio-tota-pedra-fa-paret-la-pedra-seca-a-catalunya-fins-al-21-de-maig","status":"publish","type":"post","link":"https:\/\/bisbalpenedes.com\/web\/2021\/04\/21\/el-centre-municipal-de-cultura-acull-lexposicio-tota-pedra-fa-paret-la-pedra-seca-a-catalunya-fins-al-21-de-maig\/","title":{"rendered":"El Centre Municipal de Cultura acull l\u2019exposici\u00f3 \u201cTota pedra fa paret. La pedra seca a Catalunya\u201d fins al 21 de maig"},"content":{"rendered":"\n<p>El passat divendres 16 d\u2019abril es va inaugurar, al Centre Municipal de Cultura, l\u2019exposici\u00f3 \u201cTota pedra fa paret. La pedra seca a Catalunya\u201d. Es tracta d\u2019una mostra itinerant que ha estat creada per la Generalitat de Catalunya i l\u2019Associaci\u00f3 per la pedra seca i l\u2019arquitectura nacional que es podr\u00e0 visitar a La Bisbal del Pened\u00e8s fins al 21 de maig, cada tarda de dilluns a divendres de 16:30h a 20:00h.<\/p>\n\n\n\n<p>Durant la inauguraci\u00f3, vam comptar amb els parlaments de la Directora General de Cultura Popular i Associacionisme, Maria \u00c0ngels Blasco; i el representant de l&#8217;Associaci\u00f3 per la Pedra Seca i l&#8217;Arquitectura Tradicional (APSAT), Robert Rovira; que van destacar la import\u00e0ncia de la t\u00e8cnica de la pedra seca reconeguda com a Patrimoni Cultural Immaterial de la Humanitat per part de la UNESCO i el valor de l\u2019exposici\u00f3, que ofereix una panor\u00e0mica \u00e0mplia sobre aquest llegat, posant \u00e8mfasi en les variants tipol\u00f2giques m\u00e9s habituals i en la diversitat territorial.<\/p>\n\n\n\n<p>Al seu torn, la regidora de Cultura del municipi, Judith Vidal, va fer un breu rep\u00e0s sobre la pres\u00e8ncia i la hist\u00f2ria de la pedra seca a la Bisbal. &nbsp;L\u2019alcaldessa de La Bisbal del Pened\u00e8s, Agn\u00e8s Ferr\u00e9, va concloure l\u2019acte agraint la pres\u00e8ncia dels assistents i recordant els actes de Sant Jordi, que enguany es vertebren al voltant de la pedra seca. Val a dir que l\u2019acte va comptar amb la pres\u00e8ncia del President i diversos consellers del Consell Comarcal del Baix Pened\u00e8s, diversos regidors del Consistori i membres d&#8217;entitats locals.<\/p>\n\n\n\n<p>La Bisbal posseeix una gens menyspreable pres\u00e8ncia d\u2019elements constructius amb pedra seca, estudiats al llarg d\u2019aquests anys per interessats en la mat\u00e8ria com l\u2019arquitecte i historiador Benjam\u00ed Catal\u00e0 o el desaparegut Josep M\u00aa Vall\u00e8s, impulsors el 2003 de la primera gran exposici\u00f3 i catalogaci\u00f3 de les barraques de pedra seca al municipi. Ambd\u00f3s tamb\u00e9 van formar part de la revista El MARGE, publicaci\u00f3 de la secci\u00f3 mediambiental de l\u2019ADF Clot del Bou, que difonia detalls de l\u2019arquitectura rural i en pedra als seus n\u00fameros i que va ser impulsora d\u2019incomptables activitats per a la difusi\u00f3 i preservaci\u00f3 del patrimoni de la pedra seca: des d\u2019exposicions i confer\u00e8ncies fins a tallers per divulgar el paisatge i el treball de la pedra o activitats de neteja passant per accions com el&nbsp; desbrossament i la restauraci\u00f3 de camins i barraques.<\/p>\n\n\n\n<p>Aquest any que El Marge hauria complert 20 anys, l\u2019Ajuntament ha decidit dedicar els actes de Sant Jordi a la pedra seca, tot fent pal\u00e8s el reconeixement a la feina feta durant tots aquests anys pels membres impulsors de la revista amb l\u2019edici\u00f3 &nbsp;de la primera part del cat\u00e0leg de barraques de pedra seca de la Bisbal, elaborat pel bisbalenc Jaume Mir\u00f3 i que recull prop de les 400 construccions d\u2019aquesta tipologia localitzades ara com ara al municipi.<\/p>\n\n\n\n<p>Per a qualsevol altre dubte o concretar alguna visita especial a l\u2019exposici\u00f3 podeu contactar amb l\u2019adre\u00e7a de correu electr\u00f2nic <a href=\"mailto:info@bisbalpenedes.com\" target=\"_blank\" rel=\"noreferrer noopener\">info@bisbalpenedes.com<\/a><\/p>\n\n\n\n<hr class=\"wp-block-separator is-style-wide\"\/>\n\n\n\n<p><strong>CASTELLANO |<\/strong> El pasado viernes 16 de abril se inaugur\u00f3, en el Centro Municipal de Cultura, la exposici\u00f3n \u201cTota pedra fa paret. La pedra seca a Catalunya\u201d. Se trata de una muestra itinerante que ha sido creada por la Generalitat de Catalunya y la Associaci\u00f3 per la pedra seca i l\u2019arquitectura nacional que se podr\u00e1 visitar en La Bisbal del Pened\u00e8s hasta el 21 de mayo, cada tarde de lunes a viernes de 16:30h a 20:00h.<\/p>\n\n\n\n<p>Durante la inauguraci\u00f3n, contamos con los parlamentos de la Directora General de Cultura Popular y Asociacionismo, Maria \u00c0ngels Blasco; y el representante de la Asociaci\u00f3n por la Piedra Seca y la Arquitectura Tradicional (APSAT), Robert Rovira; que destacaron la importancia de la t\u00e9cnica de la piedra seca reconocida como Patrimonio Cultural Inmaterial de la Humanidad por parte de la UNESCO y el valor de la exposici\u00f3n, que ofrece una panor\u00e1mica amplia sobre este legado, poniendo \u00e9nfasis en las variantes tipol\u00f3gicas m\u00e1s habituales y en la diversidad territorial.<\/p>\n\n\n\n<p>A su vez, la concejala de Cultura del municipio, Judith Vidal, hizo un breve repaso sobre la presencia y la historia de la piedra seca en la Bisbal. La alcaldesa de La Bisbal del Pened\u00e8s, Agn\u00e8s Ferr\u00e9, concluy\u00f3 el acto agradeciendo la presencia de los asistentes y recordando los actos de San Jordi, que este a\u00f1o se vertebran alrededor de la piedra seca. Cabe decir que el acto cont\u00f3 con la presencia del Presidente y varios consejeros del Consejo Comarcal del Baix Pened\u00e8s, varios concejales del Consistorio y miembros de entidades locales.<\/p>\n\n\n\n<p>La Bisbal posee una presencia abundante de elementos constructivos con piedra seca, estudiados a lo largo de estos a\u00f1os por interesados en la materia como el arquitecto e historiador Benjam\u00ed Catal\u00e0 o el desaparecido Josep M\u00aa Vall\u00e8s, impulsores el 2003 de la primera gran exposici\u00f3n y catalogaci\u00f3n de las barracas de piedra seca en el municipio. Ambos tambi\u00e9n formaron parte de la revista El MARGE, publicaci\u00f3n de la secci\u00f3n medioambiental de la ADF Clot del Bou, que difund\u00eda detalles de la arquitectura rural y en piedra en sus n\u00fameros y que fue impulsora de incontables actividades para la difusi\u00f3n y preservaci\u00f3n del patrimonio de la piedra seca: desde exposiciones y conferencias hasta talleres para divulgar el paisaje y el trabajo de la piedra o actividades de limpieza pasando por acciones como el desbroce y la restauraci\u00f3n de caminos y barracas.<\/p>\n\n\n\n<p>Este a\u00f1o que El Marge habr\u00eda cumplido 20 a\u00f1os, el Ayuntamiento ha decidido dedicar los actos de San Jordi a la piedra seca, haciendo patente el reconocimiento al trabajo hecho durante todos estos a\u00f1os por los miembros impulsores de la revista con la edici\u00f3n de la primera parte del cat\u00e1logo de barracas de piedra seca de la Bisbal, elaborado por el bisbalense Jaume Mir\u00f3 y que recoge cerca de las 400 construcciones de esta tipolog\u00eda localizadas por ahora en el municipio.<\/p>\n\n\n\n<p>Para cualquier otra duda o concretar alguna visita especial a la exposici\u00f3n pod\u00e9is contactar con la direcci\u00f3n de correo electr\u00f3nico <a href=\"mailto:info@bisbalpenedes.com\" target=\"_blank\" rel=\"noreferrer noopener\">info@bisbalpenedes.com<\/a><\/p>\n","protected":false},"excerpt":{"rendered":"<p>El passat divendres 16 d\u2019abril es va inaugurar, al Centre Municipal de Cultura, l\u2019exposici\u00f3 \u201cTota pedra fa paret. La pedra seca a Catalunya\u201d. Es tracta d\u2019una mostra itinerant que ha &hellip; <a href=\"https:\/\/bisbalpenedes.com\/web\/2021\/04\/21\/el-centre-municipal-de-cultura-acull-lexposicio-tota-pedra-fa-paret-la-pedra-seca-a-catalunya-fins-al-21-de-maig\/\" class=\"more-link\">Read More<\/a><\/p>\n","protected":false},"author":4,"featured_media":17344,"comment_status":"closed","ping_status":"closed","sticky":false,"template":"","format":"standard","meta":[],"categories":[2942,13,8],"tags":[4451,2930,226,86,393,352],"_links":{"self":[{"href":"https:\/\/bisbalpenedes.com\/web\/wp-json\/wp\/v2\/posts\/17343"}],"collection":[{"href":"https:\/\/bisbalpenedes.com\/web\/wp-json\/wp\/v2\/posts"}],"about":[{"href":"https:\/\/bisbalpenedes.com\/web\/wp-json\/wp\/v2\/types\/post"}],"author":[{"embeddable":true,"href":"https:\/\/bisbalpenedes.com\/web\/wp-json\/wp\/v2\/users\/4"}],"replies":[{"embeddable":true,"href":"https:\/\/bisbalpenedes.com\/web\/wp-json\/wp\/v2\/comments?post=17343"}],"version-history":[{"count":1,"href":"https:\/\/bisbalpenedes.com\/web\/wp-json\/wp\/v2\/posts\/17343\/revisions"}],"predecessor-version":[{"id":17345,"href":"https:\/\/bisbalpenedes.com\/web\/wp-json\/wp\/v2\/posts\/17343\/revisions\/17345"}],"wp:featuredmedia":[{"embeddable":true,"href":"https:\/\/bisbalpenedes.com\/web\/wp-json\/wp\/v2\/media\/17344"}],"wp:attachment":[{"href":"https:\/\/bisbalpenedes.com\/web\/wp-json\/wp\/v2\/media?parent=17343"}],"wp:term":[{"taxonomy":"category","embeddable":true,"href":"https:\/\/bisbalpenedes.com\/web\/wp-json\/wp\/v2\/categories?post=17343"},{"taxonomy":"post_tag","embeddable":true,"href":"https:\/\/bisbalpenedes.com\/web\/wp-json\/wp\/v2\/tags?post=17343"}],"curies":[{"name":"wp","href":"https:\/\/api.w.org\/{rel}","templated":true}]}}