{"id":17340,"date":"2021-04-20T17:04:28","date_gmt":"2021-04-20T15:04:28","guid":{"rendered":"https:\/\/bisbalpenedes.com\/web\/?p=17340"},"modified":"2021-04-20T17:04:28","modified_gmt":"2021-04-20T15:04:28","slug":"com-sera-la-diada-de-sant-jordi-2021-infografia-de-proteccio-civil-de-la-generalitat-de-catalunya","status":"publish","type":"post","link":"https:\/\/bisbalpenedes.com\/web\/2021\/04\/20\/com-sera-la-diada-de-sant-jordi-2021-infografia-de-proteccio-civil-de-la-generalitat-de-catalunya\/","title":{"rendered":"Com ser\u00e0 la Diada de Sant Jordi 2021? Infografia de Protecci\u00f3 Civil de la Generalitat de Catalunya"},"content":{"rendered":"\n<p>Com ser\u00e0 la Diada de Sant Jordi 2021?<\/p>\n\n\n\n<p>A la infografia consultar com ser\u00e0 la Diada de Sant Jordi d&#8217;enguany.<\/p>\n\n\n\n<p>Per a m\u00e9s informaci\u00f3 podeu accedir a: <a rel=\"noreferrer noopener\" href=\"http:\/\/interior.gencat.cat\/ca\/arees_dactuacio\/proteccio_civil\/consells_autoproteccio_emergencia\/mes_consells_dautoproteccio\/sant-jordi-2021\/index.html\" target=\"_blank\">http:\/\/interior.gencat.cat\/ca\/arees_dactuacio\/proteccio_civil\/consells_autoproteccio_emergencia\/mes_consells_dautoproteccio\/sant-jordi-2021\/index.html<\/a><\/p>\n\n\n\n<hr class=\"wp-block-separator is-style-wide\"\/>\n\n\n\n<p>\u00bfC\u00f3mo ser\u00e1 la Diada de Sant Jordi 2021?<\/p>\n\n\n\n<p>En la infograf\u00eda pod\u00e9is consultar c\u00f3mo ser\u00e1 la Diada de Sant Jordi de este a\u00f1o.<br>Para m\u00e1s informaci\u00f3n pod\u00e9is acceder a: <a rel=\"noreferrer noopener\" href=\"http:\/\/interior.gencat.cat\/ca\/arees_dactuacio\/proteccio_civil\/consells_autoproteccio_emergencia\/mes_consells_dautoproteccio\/sant-jordi-2021\/index.html\" target=\"_blank\">http:\/\/interior.gencat.cat\/ca\/arees_dactuacio\/proteccio_civil\/consells_autoproteccio_emergencia\/mes_consells_dautoproteccio\/sant-jordi-2021\/index.html<\/a><\/p>\n","protected":false},"excerpt":{"rendered":"<p>Com ser\u00e0 la Diada de Sant Jordi 2021? A la infografia consultar com ser\u00e0 la Diada de Sant Jordi d&#8217;enguany. Per a m\u00e9s informaci\u00f3 podeu accedir a: http:\/\/interior.gencat.cat\/ca\/arees_dactuacio\/proteccio_civil\/consells_autoproteccio_emergencia\/mes_consells_dautoproteccio\/sant-jordi-2021\/index.html \u00bfC\u00f3mo ser\u00e1 &hellip; <a href=\"https:\/\/bisbalpenedes.com\/web\/2021\/04\/20\/com-sera-la-diada-de-sant-jordi-2021-infografia-de-proteccio-civil-de-la-generalitat-de-catalunya\/\" class=\"more-link\">Read More<\/a><\/p>\n","protected":false},"author":4,"featured_media":17341,"comment_status":"closed","ping_status":"closed","sticky":false,"template":"","format":"standard","meta":[],"categories":[3636,4095,8,14],"tags":[3550,3559,4096,4450],"_links":{"self":[{"href":"https:\/\/bisbalpenedes.com\/web\/wp-json\/wp\/v2\/posts\/17340"}],"collection":[{"href":"https:\/\/bisbalpenedes.com\/web\/wp-json\/wp\/v2\/posts"}],"about":[{"href":"https:\/\/bisbalpenedes.com\/web\/wp-json\/wp\/v2\/types\/post"}],"author":[{"embeddable":true,"href":"https:\/\/bisbalpenedes.com\/web\/wp-json\/wp\/v2\/users\/4"}],"replies":[{"embeddable":true,"href":"https:\/\/bisbalpenedes.com\/web\/wp-json\/wp\/v2\/comments?post=17340"}],"version-history":[{"count":1,"href":"https:\/\/bisbalpenedes.com\/web\/wp-json\/wp\/v2\/posts\/17340\/revisions"}],"predecessor-version":[{"id":17342,"href":"https:\/\/bisbalpenedes.com\/web\/wp-json\/wp\/v2\/posts\/17340\/revisions\/17342"}],"wp:featuredmedia":[{"embeddable":true,"href":"https:\/\/bisbalpenedes.com\/web\/wp-json\/wp\/v2\/media\/17341"}],"wp:attachment":[{"href":"https:\/\/bisbalpenedes.com\/web\/wp-json\/wp\/v2\/media?parent=17340"}],"wp:term":[{"taxonomy":"category","embeddable":true,"href":"https:\/\/bisbalpenedes.com\/web\/wp-json\/wp\/v2\/categories?post=17340"},{"taxonomy":"post_tag","embeddable":true,"href":"https:\/\/bisbalpenedes.com\/web\/wp-json\/wp\/v2\/tags?post=17340"}],"curies":[{"name":"wp","href":"https:\/\/api.w.org\/{rel}","templated":true}]}}