{"id":17321,"date":"2021-04-19T13:42:45","date_gmt":"2021-04-19T11:42:45","guid":{"rendered":"https:\/\/bisbalpenedes.com\/web\/?p=17321"},"modified":"2021-04-19T13:51:13","modified_gmt":"2021-04-19T11:51:13","slug":"la-taekwondista-bisablenca-gloria-ruiz-ha-obtingut-la-medalla-de-bronze-a-lopen-internacional-despanya","status":"publish","type":"post","link":"https:\/\/bisbalpenedes.com\/web\/2021\/04\/19\/la-taekwondista-bisablenca-gloria-ruiz-ha-obtingut-la-medalla-de-bronze-a-lopen-internacional-despanya\/","title":{"rendered":"La taekwondista bisablenca Gloria Ruiz ha obtingut la medalla de bronze a l&#8217;Open Internacional d&#8217;Espanya"},"content":{"rendered":"\n<p>La bisbalenca Gloria Ruiz va obtenir la medalla de bronze a l\u2019Open Internacional d\u2019Espanya de Taekwondo, celebrat el passat cap de setmana a Benidorm, en la categoria s\u00e8nior G1. Ruiz va fer tres combats amb un alt\u00edssim nivell. Irene Calvo, la seva entrenadora, ha explicat que \u201cla Gl\u00f2ria Ruiz ha competit amb un gran nivell i m\u00e9s tenint en compte que fa un any que estem sense combats a causa de la pand\u00e8mia\u201d. L\u2019entrenadora ha afegit que tan sols se li ha escapat la semifinal per un punt.<\/p>\n\n\n\n<p>Enhorabona, Gloria!<\/p>\n\n\n\n<hr class=\"wp-block-separator is-style-wide\"\/>\n\n\n\n<p>La bisbalenca Gloria Ruiz obtuvo la medalla de bronce en el Open Internacional de Espa\u00f1a de Taekwondo, celebrado el fin de semana pasado en Benidorm, en la categor\u00eda senior G1. Ruiz va realitzar tres combates con un alt\u00edsimo nivel. Irene Calvo, su entrenadora, ha explicado que \u201cGloria Ruiz ha competido con un gran nivel y m\u00e1s teniendo en cuenta que hace un a\u00f1o que estamos sin combates a causa de la pandemia\u201d. La entrenadora ha a\u00f1adido que solamente se le ha escapado la semifinal por un punto. <\/p>\n\n\n\n<p>\u00a1Enhorabuena, Gloria!<\/p>\n","protected":false},"excerpt":{"rendered":"<p>La bisbalenca Gloria Ruiz va obtenir la medalla de bronze a l\u2019Open Internacional d\u2019Espanya de Taekwondo, celebrat el passat cap de setmana a Benidorm, en la categoria s\u00e8nior G1. Ruiz &hellip; <a href=\"https:\/\/bisbalpenedes.com\/web\/2021\/04\/19\/la-taekwondista-bisablenca-gloria-ruiz-ha-obtingut-la-medalla-de-bronze-a-lopen-internacional-despanya\/\" class=\"more-link\">Read More<\/a><\/p>\n","protected":false},"author":4,"featured_media":17322,"comment_status":"closed","ping_status":"closed","sticky":false,"template":"","format":"standard","meta":[],"categories":[19,8],"tags":[4449,1958,1430,393,4448,1428,4447],"_links":{"self":[{"href":"https:\/\/bisbalpenedes.com\/web\/wp-json\/wp\/v2\/posts\/17321"}],"collection":[{"href":"https:\/\/bisbalpenedes.com\/web\/wp-json\/wp\/v2\/posts"}],"about":[{"href":"https:\/\/bisbalpenedes.com\/web\/wp-json\/wp\/v2\/types\/post"}],"author":[{"embeddable":true,"href":"https:\/\/bisbalpenedes.com\/web\/wp-json\/wp\/v2\/users\/4"}],"replies":[{"embeddable":true,"href":"https:\/\/bisbalpenedes.com\/web\/wp-json\/wp\/v2\/comments?post=17321"}],"version-history":[{"count":7,"href":"https:\/\/bisbalpenedes.com\/web\/wp-json\/wp\/v2\/posts\/17321\/revisions"}],"predecessor-version":[{"id":17329,"href":"https:\/\/bisbalpenedes.com\/web\/wp-json\/wp\/v2\/posts\/17321\/revisions\/17329"}],"wp:featuredmedia":[{"embeddable":true,"href":"https:\/\/bisbalpenedes.com\/web\/wp-json\/wp\/v2\/media\/17322"}],"wp:attachment":[{"href":"https:\/\/bisbalpenedes.com\/web\/wp-json\/wp\/v2\/media?parent=17321"}],"wp:term":[{"taxonomy":"category","embeddable":true,"href":"https:\/\/bisbalpenedes.com\/web\/wp-json\/wp\/v2\/categories?post=17321"},{"taxonomy":"post_tag","embeddable":true,"href":"https:\/\/bisbalpenedes.com\/web\/wp-json\/wp\/v2\/tags?post=17321"}],"curies":[{"name":"wp","href":"https:\/\/api.w.org\/{rel}","templated":true}]}}