{"id":17318,"date":"2021-04-19T13:27:51","date_gmt":"2021-04-19T11:27:51","guid":{"rendered":"https:\/\/bisbalpenedes.com\/web\/?p=17318"},"modified":"2021-04-19T13:29:45","modified_gmt":"2021-04-19T11:29:45","slug":"el-cos-de-mossos-desquadra-ha-dut-a-terme-una-xerrada-sobre-seguretat-al-priorat-de-la-bisbal","status":"publish","type":"post","link":"https:\/\/bisbalpenedes.com\/web\/2021\/04\/19\/el-cos-de-mossos-desquadra-ha-dut-a-terme-una-xerrada-sobre-seguretat-al-priorat-de-la-bisbal\/","title":{"rendered":"El cos de Mossos d&#8217;Esquadra ha dut a terme una xerrada sobre seguretat al Priorat de la Bisbal"},"content":{"rendered":"\n<p>El cos de Mossos d\u2019Esquadra a dut a terme, aquest diumenge, una xerrada sobre seguretat als ve\u00efns del Priorat de la Bisbal amb l\u2019objectiu d\u2019abordar el tema dels robatoris i les ocupacions il\u00b7legals al municipi i de facilitar consells i recomanacions a la ciutadania de com actuar davant d\u2019una ocupaci\u00f3 i com prevenir els robatoris. La xerrada s\u2019ha dut a terme a petici\u00f3 de la Regidoria de Seguretat Ciutadana, tenint en compte les inquietuds i la preocupaci\u00f3 dels ve\u00efns de la zona. El regidor de Seguretat Ciutadana, F\u00e8lix Villaz\u00e1n, ha explicat que \u201cestem en contacte amb el cos de Mossos d\u2019Esquadra de forma permanent per coordinar accions o informar d\u2019aquelles situacions que es donen al municipi. No obstant aix\u00f2, cal recordar a la ciutadania que, davant d\u2019una situaci\u00f3 de perill o delictiva, cal que contactin directament amb el cos de Mossos d\u2019Esquadra\u201d.<\/p>\n\n\n\n<hr class=\"wp-block-separator is-style-wide\"\/>\n\n\n\n<p><strong>CASTELLANO |&nbsp;<\/strong>El cuerpo de Mossos d\u2019Esquadra a realizado, este domingo, una charla sobre seguridad a los vecinos del Priorat de la Bisbal con el objetivo de abordar el tema de los robos y las ocupaciones ilegales en el municipio y de facilitar consejos y recomendaciones a la ciudadan\u00eda de c\u00f3mo actuar ante una ocupaci\u00f3n y como prevenir los robos. La charla se ha llevado a cabo a petici\u00f3n de la Concejal\u00eda de Seguridad Ciudadana, teniendo en cuenta las inquietudes y la preocupaci\u00f3n de los vecinos de la zona. El concejal de Seguridad Ciudadana, F\u00e8lix Villaz\u00e1n, ha explicado que \u201cestamos en contacto con el cuerpo de Mossos d\u2019Esquadra de forma permanente para coordinar acciones e informar de aquellas situaciones que se dan en el municipio. No obstante, hay que recoradar a la ciudadan\u00eda que, ante una situaci\u00f3n de peligro o delictiva, tienen que contactar directamente con el cuerpo de Mossos d\u2019Esquadra\u201d.<\/p>\n","protected":false},"excerpt":{"rendered":"<p>El cos de Mossos d\u2019Esquadra a dut a terme, aquest diumenge, una xerrada sobre seguretat als ve\u00efns del Priorat de la Bisbal amb l\u2019objectiu d\u2019abordar el tema dels robatoris i &hellip; <a href=\"https:\/\/bisbalpenedes.com\/web\/2021\/04\/19\/el-cos-de-mossos-desquadra-ha-dut-a-terme-una-xerrada-sobre-seguretat-al-priorat-de-la-bisbal\/\" class=\"more-link\">Read More<\/a><\/p>\n","protected":false},"author":4,"featured_media":17319,"comment_status":"closed","ping_status":"closed","sticky":false,"template":"","format":"standard","meta":[],"categories":[4287,8,4149],"tags":[393,473,4446,2876,3305,45],"_links":{"self":[{"href":"https:\/\/bisbalpenedes.com\/web\/wp-json\/wp\/v2\/posts\/17318"}],"collection":[{"href":"https:\/\/bisbalpenedes.com\/web\/wp-json\/wp\/v2\/posts"}],"about":[{"href":"https:\/\/bisbalpenedes.com\/web\/wp-json\/wp\/v2\/types\/post"}],"author":[{"embeddable":true,"href":"https:\/\/bisbalpenedes.com\/web\/wp-json\/wp\/v2\/users\/4"}],"replies":[{"embeddable":true,"href":"https:\/\/bisbalpenedes.com\/web\/wp-json\/wp\/v2\/comments?post=17318"}],"version-history":[{"count":1,"href":"https:\/\/bisbalpenedes.com\/web\/wp-json\/wp\/v2\/posts\/17318\/revisions"}],"predecessor-version":[{"id":17320,"href":"https:\/\/bisbalpenedes.com\/web\/wp-json\/wp\/v2\/posts\/17318\/revisions\/17320"}],"wp:featuredmedia":[{"embeddable":true,"href":"https:\/\/bisbalpenedes.com\/web\/wp-json\/wp\/v2\/media\/17319"}],"wp:attachment":[{"href":"https:\/\/bisbalpenedes.com\/web\/wp-json\/wp\/v2\/media?parent=17318"}],"wp:term":[{"taxonomy":"category","embeddable":true,"href":"https:\/\/bisbalpenedes.com\/web\/wp-json\/wp\/v2\/categories?post=17318"},{"taxonomy":"post_tag","embeddable":true,"href":"https:\/\/bisbalpenedes.com\/web\/wp-json\/wp\/v2\/tags?post=17318"}],"curies":[{"name":"wp","href":"https:\/\/api.w.org\/{rel}","templated":true}]}}