{"id":17300,"date":"2021-04-14T10:30:56","date_gmt":"2021-04-14T08:30:56","guid":{"rendered":"https:\/\/bisbalpenedes.com\/web\/?p=17300"},"modified":"2021-04-14T10:39:10","modified_gmt":"2021-04-14T08:39:10","slug":"sadjudiquen-les-obres-de-rehabilitacio-de-la-fase-1-del-poliesportiu-municipal","status":"publish","type":"post","link":"https:\/\/bisbalpenedes.com\/web\/2021\/04\/14\/sadjudiquen-les-obres-de-rehabilitacio-de-la-fase-1-del-poliesportiu-municipal\/","title":{"rendered":"S\u2019adjudiquen les obres de rehabilitaci\u00f3 de la fase 1 del Poliesportiu Municipal"},"content":{"rendered":"\n<p>La Junta de govern local del passat dilluns 12 d\u2019abril va aprovar, a petici\u00f3 de les regidories d\u2019Urbanisme i Esports, l\u2019adjudicaci\u00f3 definitiva de les obres de rehabilitaci\u00f3 de la fase 1 del Poliesportiu Municipal a l\u2019empresa M i J Gr\u00faas SA per un import total d\u20191.071.094,73\u20ac.<\/p>\n\n\n\n<p>Les obres de la fase 1 contemplen la construcci\u00f3 d\u2019una edificaci\u00f3 annexa al pavell\u00f3 amb una superf\u00edcie total de 364,60m2 que va unida al pavell\u00f3, on actualment hi ha les barbacoes. Aquest nou edifici \u00e9s d\u2019una sola planta i cont\u00e9 un porxo d\u2019acc\u00e9s (de 23,60m2 \u00fatils), el vest\u00edbul des d\u2019on s\u2019accedeix directament a les grades (de 46m2 \u00fatils), l\u2019administraci\u00f3 i control d\u2019acc\u00e9s, els serveis higi\u00e8nics per al p\u00fablic, els 2 vestidors per als equips, el vestidor dels t\u00e8cnics i \u00e0rbitres, la infermeria, el local de neteja, els 2 passos (peus bruts i peus nets) i l\u2019acc\u00e9s a grades.<\/p>\n\n\n\n<p>A aquesta licitaci\u00f3 s\u2019hi van presentar un total de 10 empreses. Quan la mesa de contractaci\u00f3 va valorar les ofertes presentades va adjudicar provisionalment les obres a l\u2019empresa VORACYS SL, a la que se li van atorgar uns dies per justificar el preu anormal de les obres (a la baixa). En no haver-se presentat aquesta justificaci\u00f3, la Junta de govern del 8 de mar\u00e7 va aprovar excloure l\u2019empresa VORACYS SL de la licitaci\u00f3 per no haver justificat la seva oferta per inc\u00f3rrer en una baixa anormal i, alhora, requerir la segona empresa classificada, M i J Gr\u00faas SA perqu\u00e8 dins del termini de deu dies h\u00e0bils present\u00e9s la documentaci\u00f3 justificativa de disposar efectivament dels mitjans i d\u2019haver constitu\u00eft la garantia definitiva procedent.<\/p>\n\n\n\n<p>L\u2019adjudicaci\u00f3 definitiva de les obres originariament \u00e9s compet\u00e8ncia del Ple, per\u00f2 est\u00e0 delegada a favor de la Junta de Govern Local mitjan\u00e7ant l\u2019acord plenari del 4 de juliol de 2019. Per aquest motiu, tot i que les sessions de la Junta de Govern Local no s\u00f3n p\u00fabliques, quan s\u2019actua amb compet\u00e8ncies delegades del Ple la sessi\u00f3 se sotmet als mateixos requisits de publicitat que les sessions del Ple, que s\u00ed que s\u00f3n p\u00fabliques. Aix\u00ed ho va declarar la STS 161\/2013, de 26 de setembre. Tenint en compte les mesures preses per evitar la propagaci\u00f3 de la COVID-19, aquests punts de l\u2019ordre del dia de la Junta de Govern Local no s&#8217;han votat amb p\u00fablic, sin\u00f3 que s&#8217;han gravat en v\u00eddeo i ara el publiquem per poder garantir aix\u00ed la seva publicitat. L\u2019alcaldessa Agn\u00e8s Ferr\u00e9 ha explicat que \u201cels regidors i regidores de l\u2019oposici\u00f3 van rebre la informaci\u00f3 sobre la proposta a la seva b\u00fastia de correu electr\u00f2nic i podien assistir a la votaci\u00f3 d\u2019aquest punt\u201d. El punt va incorporar-se a l\u2019ordre del dia el mateix dilluns, per via urgent, i va ser aleshores quan els regidors de l\u2019oposici\u00f3 van rebre la corresponent notificaci\u00f3 a la seva b\u00fastia de correu electr\u00f2nic.<\/p>\n\n\n\n<p>Enlla\u00e7 al v\u00eddeo: <a href=\"https:\/\/youtu.be\/kGFK5OHSdN4\">http<\/a><a href=\"https:\/\/youtu.be\/kGFK5OHSdN4\" target=\"_blank\" rel=\"noreferrer noopener\">s:\/\/youtu.be\/kGFK5OHSdN4<\/a><\/p>\n\n\n\n<hr class=\"wp-block-separator is-style-default\"\/>\n\n\n\n<p><strong>CASTELLANO |<\/strong> La Junta de gobierno local del pasado lunes 12 de abril aprob\u00f3, a petici\u00f3n de las concejal\u00edas de Urbanismo y Deportes, la adjudicaci\u00f3n definitiva de las obras de rehabilitaci\u00f3n de la fase 1 del Polideportivo Municipal a la empresa M y J Gr\u00faas SA por un importe total de 1.071.094,73\u20ac.<\/p>\n\n\n\n<p>Las obras de la fase 1 contemplan la construcci\u00f3n de una edificaci\u00f3n aneja al pabell\u00f3n con una superficie total de 364,60m2 que va unida al pabell\u00f3n, donde actualmente hay las barbacoas. Este nuevo edificio es de una sola planta y contiene un porche de acceso (de 23,60m2 \u00fatiles), el vest\u00edbulo desde donde se accede directamente a las gradas (de 46m2 \u00fatiles), la administraci\u00f3n y control de acceso, los servicios higi\u00e9nicos para el p\u00fablico, los 2 vestuarios para los equipos, el vestuario de los t\u00e9cnicos y \u00e1rbitros, la enfermer\u00eda, el local de limpieza, los 2 pasos (pies sucios y pies limpios) y el acceso a gradas.<\/p>\n\n\n\n<p>A esta licitaci\u00f3n se presentaron un total de 10 empresas. Cuando la mesa de contrataci\u00f3n valor\u00f3 las ofertas presentadas adjudic\u00f3 provisionalmente las obras a la empresa VORACYS SL, a la que se le otorgaron unos d\u00edas para justificar el precio anormal de las obras (a la baja). Al no haberse presentado esta justificaci\u00f3n, la Junta de gobierno del 8 de marzo aprob\u00f3 excluir la empresa VORACYS SL de la licitaci\u00f3n por no haber justificado su oferta para incurrir en una baja anormal y, a la vez, requerir la segunda empresa clasificada, M y J Gr\u00faas SA porque dentro del plazo de diez d\u00edas h\u00e1biles presentara la documentaci\u00f3n justificativa de disponer efectivamente de los medios y de haber constituido la garant\u00eda definitiva procedente.<\/p>\n\n\n\n<p>La adjudicaci\u00f3n definitiva de las obras originariamente es competencia del Pleno, pero est\u00e1 delegada a favor de la Junta de Gobierno Local mediante el acuerdo plenario del 4 de julio de 2019. Por este motivo, a pesar de que las sesiones de la Junta de Gobierno Local no son p\u00fablicas, cuando se act\u00faa con competencias delegadas del Pleno la sesi\u00f3n se somete a los mismos requisitos de publicidad que las sesiones del Pleno, que s\u00ed que son p\u00fablicas. As\u00ed lo declar\u00f3 la STS 161\/2013, de 26 de septiembre. Teniendo en cuenta las medidas tomadas para evitar la propagaci\u00f3n de la COVID-19, estos puntos del orden del d\u00eda de la Junta de Gobierno Local no se han votado con p\u00fablico, sino que se han grabado en video y ahora lo publicamos para poder garantizar as\u00ed su publicidad. La alcaldesa Agn\u00e8s Ferr\u00e9 ha explicado que \u201clos concejales y concejalas de la oposici\u00f3n recibieron la informaci\u00f3n sobre la propuesta a su buz\u00f3n de correo electr\u00f3nico y pod\u00edan asistir a la votaci\u00f3n de este punto\u201d. El punto se incorpor\u00f3 al orden del d\u00eda el mismo lunes, por v\u00eda urgente, y fue entonces cuando los regidores de la oposici\u00f3n recibieron la correspondiente notificaci\u00f3n a su buz\u00f3n de correo electr\u00f3nico.<\/p>\n\n\n\n<p>Enlace al video: <a href=\"https:\/\/youtu.be\/kgfk5ohsdn4\">http<\/a><a rel=\"noreferrer noopener\" href=\"https:\/\/youtu.be\/kgfk5ohsdn4\" target=\"_blank\">s:\/\/youtu.be\/kgfk5ohsdn4<\/a><\/p>\n\n\n\n<figure class=\"wp-block-image size-large\"><img loading=\"lazy\" width=\"1024\" height=\"633\" src=\"https:\/\/bisbalpenedes.com\/web\/wp-content\/uploads\/2020\/12\/PavellO1_page-0001-1024x633.jpg\" alt=\"\" class=\"wp-image-15941\" srcset=\"https:\/\/bisbalpenedes.com\/web\/wp-content\/uploads\/2020\/12\/PavellO1_page-0001-1024x633.jpg 1024w, https:\/\/bisbalpenedes.com\/web\/wp-content\/uploads\/2020\/12\/PavellO1_page-0001-600x371.jpg 600w, https:\/\/bisbalpenedes.com\/web\/wp-content\/uploads\/2020\/12\/PavellO1_page-0001-300x186.jpg 300w, https:\/\/bisbalpenedes.com\/web\/wp-content\/uploads\/2020\/12\/PavellO1_page-0001-768x475.jpg 768w, https:\/\/bisbalpenedes.com\/web\/wp-content\/uploads\/2020\/12\/PavellO1_page-0001.jpg 1749w\" sizes=\"(max-width: 1024px) 100vw, 1024px\" \/><\/figure>\n\n\n\n<figure class=\"wp-block-image size-large\"><img loading=\"lazy\" width=\"1024\" height=\"536\" src=\"https:\/\/bisbalpenedes.com\/web\/wp-content\/uploads\/2020\/12\/PavellO_page-0001-1024x536.jpg\" alt=\"\" class=\"wp-image-15940\" srcset=\"https:\/\/bisbalpenedes.com\/web\/wp-content\/uploads\/2020\/12\/PavellO_page-0001-1024x536.jpg 1024w, https:\/\/bisbalpenedes.com\/web\/wp-content\/uploads\/2020\/12\/PavellO_page-0001-600x314.jpg 600w, https:\/\/bisbalpenedes.com\/web\/wp-content\/uploads\/2020\/12\/PavellO_page-0001-300x157.jpg 300w, https:\/\/bisbalpenedes.com\/web\/wp-content\/uploads\/2020\/12\/PavellO_page-0001-768x402.jpg 768w, https:\/\/bisbalpenedes.com\/web\/wp-content\/uploads\/2020\/12\/PavellO_page-0001.jpg 1697w\" sizes=\"(max-width: 1024px) 100vw, 1024px\" \/><\/figure>\n\n\n\n<figure class=\"wp-block-image size-large\"><img loading=\"lazy\" width=\"1024\" height=\"539\" src=\"https:\/\/bisbalpenedes.com\/web\/wp-content\/uploads\/2021\/04\/vestidors-pavello-1024x539.jpeg\" alt=\"\" class=\"wp-image-17304\" srcset=\"https:\/\/bisbalpenedes.com\/web\/wp-content\/uploads\/2021\/04\/vestidors-pavello-1024x539.jpeg 1024w, https:\/\/bisbalpenedes.com\/web\/wp-content\/uploads\/2021\/04\/vestidors-pavello-600x316.jpeg 600w, https:\/\/bisbalpenedes.com\/web\/wp-content\/uploads\/2021\/04\/vestidors-pavello-300x158.jpeg 300w, https:\/\/bisbalpenedes.com\/web\/wp-content\/uploads\/2021\/04\/vestidors-pavello-768x404.jpeg 768w, https:\/\/bisbalpenedes.com\/web\/wp-content\/uploads\/2021\/04\/vestidors-pavello-1536x808.jpeg 1536w, https:\/\/bisbalpenedes.com\/web\/wp-content\/uploads\/2021\/04\/vestidors-pavello.jpeg 1730w\" sizes=\"(max-width: 1024px) 100vw, 1024px\" \/><\/figure>\n","protected":false},"excerpt":{"rendered":"<p>La Junta de govern local del passat dilluns 12 d\u2019abril va aprovar, a petici\u00f3 de les regidories d\u2019Urbanisme i Esports, l\u2019adjudicaci\u00f3 definitiva de les obres de rehabilitaci\u00f3 de la fase &hellip; <a href=\"https:\/\/bisbalpenedes.com\/web\/2021\/04\/14\/sadjudiquen-les-obres-de-rehabilitacio-de-la-fase-1-del-poliesportiu-municipal\/\" class=\"more-link\">Read More<\/a><\/p>\n","protected":false},"author":4,"featured_media":15942,"comment_status":"closed","ping_status":"closed","sticky":false,"template":"","format":"standard","meta":[],"categories":[19,8,15],"tags":[3459,1000,21,483],"_links":{"self":[{"href":"https:\/\/bisbalpenedes.com\/web\/wp-json\/wp\/v2\/posts\/17300"}],"collection":[{"href":"https:\/\/bisbalpenedes.com\/web\/wp-json\/wp\/v2\/posts"}],"about":[{"href":"https:\/\/bisbalpenedes.com\/web\/wp-json\/wp\/v2\/types\/post"}],"author":[{"embeddable":true,"href":"https:\/\/bisbalpenedes.com\/web\/wp-json\/wp\/v2\/users\/4"}],"replies":[{"embeddable":true,"href":"https:\/\/bisbalpenedes.com\/web\/wp-json\/wp\/v2\/comments?post=17300"}],"version-history":[{"count":4,"href":"https:\/\/bisbalpenedes.com\/web\/wp-json\/wp\/v2\/posts\/17300\/revisions"}],"predecessor-version":[{"id":17305,"href":"https:\/\/bisbalpenedes.com\/web\/wp-json\/wp\/v2\/posts\/17300\/revisions\/17305"}],"wp:featuredmedia":[{"embeddable":true,"href":"https:\/\/bisbalpenedes.com\/web\/wp-json\/wp\/v2\/media\/15942"}],"wp:attachment":[{"href":"https:\/\/bisbalpenedes.com\/web\/wp-json\/wp\/v2\/media?parent=17300"}],"wp:term":[{"taxonomy":"category","embeddable":true,"href":"https:\/\/bisbalpenedes.com\/web\/wp-json\/wp\/v2\/categories?post=17300"},{"taxonomy":"post_tag","embeddable":true,"href":"https:\/\/bisbalpenedes.com\/web\/wp-json\/wp\/v2\/tags?post=17300"}],"curies":[{"name":"wp","href":"https:\/\/api.w.org\/{rel}","templated":true}]}}