{"id":17281,"date":"2021-04-14T07:44:37","date_gmt":"2021-04-14T05:44:37","guid":{"rendered":"https:\/\/bisbalpenedes.com\/web\/?p=17281"},"modified":"2021-04-14T07:44:37","modified_gmt":"2021-04-14T05:44:37","slug":"si-heu-nascut-entre-els-anys-1952-i-1961-ja-podeu-demanar-cita-per-vacunar-vos-contra-la-covid-19","status":"publish","type":"post","link":"https:\/\/bisbalpenedes.com\/web\/2021\/04\/14\/si-heu-nascut-entre-els-anys-1952-i-1961-ja-podeu-demanar-cita-per-vacunar-vos-contra-la-covid-19\/","title":{"rendered":"Si heu nascut entre els anys 1952 i 1961 ja podeu demanar cita per vacunar-vos contra la COVID-19"},"content":{"rendered":"\n<p>Si heu nascut entre els anys 1952 i 1961 ja podeu demanar cita pr\u00e8via per vacunar-vos contra la COVID-19.Podeu consultar les dates disponibles i fer la reserva de data i hora a <a href=\"http:\/\/vacunacovidsalut.cat\" target=\"_blank\" rel=\"noreferrer noopener\">http:\/\/vacunacovidsalut.cat<\/a><\/p>\n\n\n\n<hr class=\"wp-block-separator is-style-wide\"\/>\n\n\n\n<p>Si hab\u00e9is nacido entre los a\u00f1os 1952 y 1961 ya pod\u00e9is solicitar cita previa para vacunaros contra la COVID-19. Pod\u00e9is consultar las fechas disponibles y hacer la reserva de fecha y hora en <a rel=\"noreferrer noopener\" href=\"http:\/\/vacunacovidsalut.cat\" target=\"_blank\">http:\/\/vacunacovidsalut.cat<\/a><\/p>\n\n\n\n<figure class=\"wp-block-image size-large\"><img loading=\"lazy\" width=\"724\" height=\"1024\" src=\"https:\/\/bisbalpenedes.com\/web\/wp-content\/uploads\/2021\/04\/6-raons-per-vacunar-me-1-724x1024.png\" alt=\"\" class=\"wp-image-17283\" srcset=\"https:\/\/bisbalpenedes.com\/web\/wp-content\/uploads\/2021\/04\/6-raons-per-vacunar-me-1-724x1024.png 724w, https:\/\/bisbalpenedes.com\/web\/wp-content\/uploads\/2021\/04\/6-raons-per-vacunar-me-1-600x848.png 600w, https:\/\/bisbalpenedes.com\/web\/wp-content\/uploads\/2021\/04\/6-raons-per-vacunar-me-1-212x300.png 212w, https:\/\/bisbalpenedes.com\/web\/wp-content\/uploads\/2021\/04\/6-raons-per-vacunar-me-1-768x1086.png 768w, https:\/\/bisbalpenedes.com\/web\/wp-content\/uploads\/2021\/04\/6-raons-per-vacunar-me-1-1086x1536.png 1086w, https:\/\/bisbalpenedes.com\/web\/wp-content\/uploads\/2021\/04\/6-raons-per-vacunar-me-1-1448x2048.png 1448w, https:\/\/bisbalpenedes.com\/web\/wp-content\/uploads\/2021\/04\/6-raons-per-vacunar-me-1.png 1654w\" sizes=\"(max-width: 724px) 100vw, 724px\" \/><\/figure>\n\n\n\n<figure class=\"wp-block-image size-large\"><img loading=\"lazy\" width=\"724\" height=\"1024\" src=\"https:\/\/bisbalpenedes.com\/web\/wp-content\/uploads\/2021\/04\/6-raons-per-vacunar-me-2-724x1024.png\" alt=\"\" class=\"wp-image-17284\" srcset=\"https:\/\/bisbalpenedes.com\/web\/wp-content\/uploads\/2021\/04\/6-raons-per-vacunar-me-2-724x1024.png 724w, https:\/\/bisbalpenedes.com\/web\/wp-content\/uploads\/2021\/04\/6-raons-per-vacunar-me-2-600x848.png 600w, https:\/\/bisbalpenedes.com\/web\/wp-content\/uploads\/2021\/04\/6-raons-per-vacunar-me-2-212x300.png 212w, https:\/\/bisbalpenedes.com\/web\/wp-content\/uploads\/2021\/04\/6-raons-per-vacunar-me-2-768x1086.png 768w, https:\/\/bisbalpenedes.com\/web\/wp-content\/uploads\/2021\/04\/6-raons-per-vacunar-me-2-1086x1536.png 1086w, https:\/\/bisbalpenedes.com\/web\/wp-content\/uploads\/2021\/04\/6-raons-per-vacunar-me-2-1448x2048.png 1448w, https:\/\/bisbalpenedes.com\/web\/wp-content\/uploads\/2021\/04\/6-raons-per-vacunar-me-2.png 1654w\" sizes=\"(max-width: 724px) 100vw, 724px\" \/><\/figure>\n\n\n\n<figure class=\"wp-block-image size-large\"><img loading=\"lazy\" width=\"724\" height=\"1024\" src=\"https:\/\/bisbalpenedes.com\/web\/wp-content\/uploads\/2021\/04\/6-raons-per-vacunar-me-3-724x1024.png\" alt=\"\" class=\"wp-image-17285\" srcset=\"https:\/\/bisbalpenedes.com\/web\/wp-content\/uploads\/2021\/04\/6-raons-per-vacunar-me-3-724x1024.png 724w, https:\/\/bisbalpenedes.com\/web\/wp-content\/uploads\/2021\/04\/6-raons-per-vacunar-me-3-600x848.png 600w, https:\/\/bisbalpenedes.com\/web\/wp-content\/uploads\/2021\/04\/6-raons-per-vacunar-me-3-212x300.png 212w, https:\/\/bisbalpenedes.com\/web\/wp-content\/uploads\/2021\/04\/6-raons-per-vacunar-me-3-768x1086.png 768w, https:\/\/bisbalpenedes.com\/web\/wp-content\/uploads\/2021\/04\/6-raons-per-vacunar-me-3-1086x1536.png 1086w, https:\/\/bisbalpenedes.com\/web\/wp-content\/uploads\/2021\/04\/6-raons-per-vacunar-me-3-1448x2048.png 1448w, https:\/\/bisbalpenedes.com\/web\/wp-content\/uploads\/2021\/04\/6-raons-per-vacunar-me-3.png 1654w\" sizes=\"(max-width: 724px) 100vw, 724px\" \/><\/figure>\n","protected":false},"excerpt":{"rendered":"<p>Si heu nascut entre els anys 1952 i 1961 ja podeu demanar cita pr\u00e8via per vacunar-vos contra la COVID-19.Podeu consultar les dates disponibles i fer la reserva de data i &hellip; <a href=\"https:\/\/bisbalpenedes.com\/web\/2021\/04\/14\/si-heu-nascut-entre-els-anys-1952-i-1961-ja-podeu-demanar-cita-per-vacunar-vos-contra-la-covid-19\/\" class=\"more-link\">Read More<\/a><\/p>\n","protected":false},"author":4,"featured_media":17282,"comment_status":"closed","ping_status":"closed","sticky":false,"template":"","format":"standard","meta":[],"categories":[8,14],"tags":[3550,3559,145,431],"_links":{"self":[{"href":"https:\/\/bisbalpenedes.com\/web\/wp-json\/wp\/v2\/posts\/17281"}],"collection":[{"href":"https:\/\/bisbalpenedes.com\/web\/wp-json\/wp\/v2\/posts"}],"about":[{"href":"https:\/\/bisbalpenedes.com\/web\/wp-json\/wp\/v2\/types\/post"}],"author":[{"embeddable":true,"href":"https:\/\/bisbalpenedes.com\/web\/wp-json\/wp\/v2\/users\/4"}],"replies":[{"embeddable":true,"href":"https:\/\/bisbalpenedes.com\/web\/wp-json\/wp\/v2\/comments?post=17281"}],"version-history":[{"count":1,"href":"https:\/\/bisbalpenedes.com\/web\/wp-json\/wp\/v2\/posts\/17281\/revisions"}],"predecessor-version":[{"id":17286,"href":"https:\/\/bisbalpenedes.com\/web\/wp-json\/wp\/v2\/posts\/17281\/revisions\/17286"}],"wp:featuredmedia":[{"embeddable":true,"href":"https:\/\/bisbalpenedes.com\/web\/wp-json\/wp\/v2\/media\/17282"}],"wp:attachment":[{"href":"https:\/\/bisbalpenedes.com\/web\/wp-json\/wp\/v2\/media?parent=17281"}],"wp:term":[{"taxonomy":"category","embeddable":true,"href":"https:\/\/bisbalpenedes.com\/web\/wp-json\/wp\/v2\/categories?post=17281"},{"taxonomy":"post_tag","embeddable":true,"href":"https:\/\/bisbalpenedes.com\/web\/wp-json\/wp\/v2\/tags?post=17281"}],"curies":[{"name":"wp","href":"https:\/\/api.w.org\/{rel}","templated":true}]}}