{"id":17276,"date":"2021-04-13T10:46:06","date_gmt":"2021-04-13T08:46:06","guid":{"rendered":"https:\/\/bisbalpenedes.com\/web\/?p=17276"},"modified":"2021-04-13T10:46:06","modified_gmt":"2021-04-13T08:46:06","slug":"punt-de-lordre-del-dia-de-la-junta-de-govern-local-del-12-04-21-amb-competencies-delegades-del-ple","status":"publish","type":"post","link":"https:\/\/bisbalpenedes.com\/web\/2021\/04\/13\/punt-de-lordre-del-dia-de-la-junta-de-govern-local-del-12-04-21-amb-competencies-delegades-del-ple\/","title":{"rendered":"Punt de l&#8217;Ordre del dia de la Junta de Govern local del 12\/04\/21 amb compet\u00e8ncies delegades del Ple"},"content":{"rendered":"\n<p>La Junta de Govern del dilluns 12 d&#8217;abril inclo\u00efa -i va aprovar- un punt amb Compet\u00e8ncies Delegades del Ple. Es va incorporar a l&#8217;ordre del dia amb car\u00e0cter urgent:<\/p>\n\n\n\n<ul><li>Adjudicaci\u00f3 definitiva de les obres de rehabilitaci\u00f3 de la fase 1 del poliesportiu municipal.<\/li><\/ul>\n\n\n\n<p>Les sessions de la Junta de Govern Local no s\u00f3n p\u00fabliques, per\u00f2 quan s\u2019actua amb compet\u00e8ncies delegades del Ple, la sessi\u00f3 se sotmet als mateixos requisits de publicitat que les sessions del Ple, que s\u00ed que s\u00f3n p\u00fabliques. Aix\u00ed ho va declarar la STS 161\/2013, de 26 de setembre. Tenint en compte les mesures preses per evitar la propagaci\u00f3 de la COVID-19, aquests punts de l\u2019ordre del dia de la Junta de Govern Local no s&#8217;han votat amb p\u00fablic, sin\u00f3 que s&#8217;han gravat en v\u00eddeo i ara el publiquem per poder garantir aix\u00ed la seva publicitat. Per tot plegat, els regidors i regidores de l\u2019oposici\u00f3 -que no formen part de la Junta de Govern local- van rebre la informaci\u00f3 sobre la proposta a la seva b\u00fastia de correu electr\u00f2nic.<\/p>\n\n\n\n<p>Enlla\u00e7 al v\u00eddeo: <a rel=\"noreferrer noopener\" href=\"https:\/\/youtu.be\/kGFK5OHSdN4\" target=\"_blank\">https:\/\/youtu.be\/kGFK5OHSdN4<\/a><\/p>\n\n\n\n<hr class=\"wp-block-separator is-style-wide\"\/>\n\n\n\n<p>La Junta de Gobierno del lunes 12 de abril inclu\u00eda -y aprob\u00f3- un punto con Competencias Delegadas del Pleno. Este punto se incorpor\u00f3 en el orden del d\u00eda con car\u00e1cter urgente:<\/p>\n\n\n\n<ul><li>Adjudicaci\u00f3n definitiva de las obras de rehabilitaci\u00f3n de la fase 1 del polideportivo municipal.<\/li><\/ul>\n\n\n\n<p>Las sesiones de la Junta de Gobierno Local no son p\u00fablicas, pero cuando se act\u00faa con competencias delegadas del Pleno, la sesi\u00f3n se somete a los mismos requisitos de publicidad que las sesiones del Pleno, que s\u00ed que son p\u00fablicas. As\u00ed lo declar\u00f3 la STS 161\/2013, de 26 de septiembre. Teniendo en cuenta las medidas tomadas para evitar la propagaci\u00f3n de la COVID-19, estos puntos del orden del d\u00eda de la Junta de Gobierno Local no se han votado con p\u00fablico, sino que se han grabado en v\u00eddeo y ahora lo publicamos para poder garantizar as\u00ed su publicidad. Por todo ello, los concejales y concejalas de la oposici\u00f3n -que no forman parte de la Junta de Gobierno local- recibieron la informaci\u00f3n sobre la propuesta en su buz\u00f3n de correo electr\u00f3nico.<\/p>\n\n\n\n<p>Enlace al v\u00eddeo: <a rel=\"noreferrer noopener\" href=\"https:\/\/youtu.be\/kGFK5OHSdN\" target=\"_blank\">https:\/\/youtu.be\/kGFK5OHSdN<\/a><br><\/p>\n","protected":false},"excerpt":{"rendered":"<p>La Junta de Govern del dilluns 12 d&#8217;abril inclo\u00efa -i va aprovar- un punt amb Compet\u00e8ncies Delegades del Ple. Es va incorporar a l&#8217;ordre del dia amb car\u00e0cter urgent: Adjudicaci\u00f3 &hellip; <a href=\"https:\/\/bisbalpenedes.com\/web\/2021\/04\/13\/punt-de-lordre-del-dia-de-la-junta-de-govern-local-del-12-04-21-amb-competencies-delegades-del-ple\/\" class=\"more-link\">Read More<\/a><\/p>\n","protected":false},"author":4,"featured_media":17277,"comment_status":"closed","ping_status":"closed","sticky":false,"template":"","format":"standard","meta":[],"categories":[3085,8,2250,15],"tags":[1358,686,4444,249,483],"_links":{"self":[{"href":"https:\/\/bisbalpenedes.com\/web\/wp-json\/wp\/v2\/posts\/17276"}],"collection":[{"href":"https:\/\/bisbalpenedes.com\/web\/wp-json\/wp\/v2\/posts"}],"about":[{"href":"https:\/\/bisbalpenedes.com\/web\/wp-json\/wp\/v2\/types\/post"}],"author":[{"embeddable":true,"href":"https:\/\/bisbalpenedes.com\/web\/wp-json\/wp\/v2\/users\/4"}],"replies":[{"embeddable":true,"href":"https:\/\/bisbalpenedes.com\/web\/wp-json\/wp\/v2\/comments?post=17276"}],"version-history":[{"count":1,"href":"https:\/\/bisbalpenedes.com\/web\/wp-json\/wp\/v2\/posts\/17276\/revisions"}],"predecessor-version":[{"id":17278,"href":"https:\/\/bisbalpenedes.com\/web\/wp-json\/wp\/v2\/posts\/17276\/revisions\/17278"}],"wp:featuredmedia":[{"embeddable":true,"href":"https:\/\/bisbalpenedes.com\/web\/wp-json\/wp\/v2\/media\/17277"}],"wp:attachment":[{"href":"https:\/\/bisbalpenedes.com\/web\/wp-json\/wp\/v2\/media?parent=17276"}],"wp:term":[{"taxonomy":"category","embeddable":true,"href":"https:\/\/bisbalpenedes.com\/web\/wp-json\/wp\/v2\/categories?post=17276"},{"taxonomy":"post_tag","embeddable":true,"href":"https:\/\/bisbalpenedes.com\/web\/wp-json\/wp\/v2\/tags?post=17276"}],"curies":[{"name":"wp","href":"https:\/\/api.w.org\/{rel}","templated":true}]}}