{"id":17267,"date":"2021-04-13T18:00:00","date_gmt":"2021-04-13T16:00:00","guid":{"rendered":"https:\/\/bisbalpenedes.com\/web\/?p=17267"},"modified":"2021-04-13T08:52:32","modified_gmt":"2021-04-13T06:52:32","slug":"comenca-una-formacio-gratuita-per-a-les-persones-usuaries-del-rebost-solidari","status":"publish","type":"post","link":"https:\/\/bisbalpenedes.com\/web\/2021\/04\/13\/comenca-una-formacio-gratuita-per-a-les-persones-usuaries-del-rebost-solidari\/","title":{"rendered":"Comen\u00e7a una formaci\u00f3 gratu\u00efta per a les persones usu\u00e0ries del Rebost Solidari"},"content":{"rendered":"\n<p><span class=\"has-inline-color has-cyan-bluish-gray-color\">A la fotografia, la Puri i el Toni, voluntaris del Rebost Solidari.<\/span><\/p>\n\n\n\n<p>La Regidoria de Benestar Social i el Servei d\u2019Ocupaci\u00f3 de la Bisbal del Pened\u00e8s (SOM Bisbal) han engegat una formaci\u00f3 gratu\u00efta adre\u00e7ada a les persones usu\u00e0ries del Rebost Solidari amb l\u2019objectiu de dotar d\u2019eines per a la recerca activa de feina les persones en situaci\u00f3 vulnerable. La formaci\u00f3 ha comen\u00e7at aquest dimarts 13 d\u2019abril i s\u2019emmarca dins del projecte Integra\u2019ls, que t\u00e9 la finalitat d\u2019integrar laboralment les persones amb dificultats f\u00edsiques, intel\u00b7lectuals, mentals i socials. Les classes&nbsp; tindran una durada total de 21 hores i es faran de forma virtual, com a mesura de prevenci\u00f3, per la situaci\u00f3 de pand\u00e8mia actual.<\/p>\n\n\n\n<p>El Rebost Solidari \u00e9s el servei que ofereix aliments b\u00e0sics, de forma temporal, a les persones que passen per una situaci\u00f3 de dificultat econ\u00f2mica. Pr\u00e8viament a la formaci\u00f3 la regidora de Benestar Social, Paqui Cepas; i la t\u00e8cnica d\u2019Ocupaci\u00f3 del SOM Bisbal, Arantzazu Longares; han iniciat converses individualitzades amb tots els usuaris i usu\u00e0ries del Rebost Solidari per con\u00e8ixer la seva situaci\u00f3 i els seus perfils socials i laborals.<\/p>\n\n\n\n<p>La regidora de Benestar Social ha explicat que \u201camb aquesta formaci\u00f3 gratu\u00efta pretenem ajudar aquest col\u00b7lectiu a sortir de la seva situaci\u00f3 de necessitat econ\u00f2mica i de manca de feina, dotant les persones de coneixements i aptituds centrades en diversos temes: l\u2019automotivaci\u00f3, la resili\u00e8ncia i la gesti\u00f3 de la incertesa, l\u2019autoconeixement i l\u2019autoestima, el m\u00e0rqueting personal, l\u2019entrevista de feina -amb simulaci\u00f3- i les habilitats de comunicaci\u00f3. Aquesta formaci\u00f3&nbsp; anir\u00e0 a c\u00e0rrec de l\u2019empresa Creixem Formaci\u00f3 i tindr\u00e0 un cost de 2.331\u20ac per a l\u2019Ajuntament de la Bisbal del Pened\u00e8s\u201d. Cepas ha afegit que \u201cen tractar-se d\u2019una formaci\u00f3 emmarcada dins del projecte Integra\u2019ls tamb\u00e9 comptarem amb una empresa d\u2019inserci\u00f3 laboral i amb la col\u00b7laboraci\u00f3 de diverses empreses del territori amb l\u2019objectiu de facilitar el proc\u00e9s de recerca de feina i inserci\u00f3 laboral a aquestes persones\u201d.<\/p>\n\n\n\n<hr class=\"wp-block-separator is-style-wide\"\/>\n\n\n\n<p><strong>CASTELLANO |<\/strong> La Concejal\u00eda de Bienestar Social y el Servicio de Ocupaci\u00f3n de la Bisbal del Pened\u00e8s (SOM Bisbal) han puesto en marcha una formaci\u00f3n gratuita dirigida a las personas usuarias del Rebost Solidari con el objetivo de dotar de herramientas para la b\u00fasqueda activa de trabajo las personas en situaci\u00f3n vulnerable. La formaci\u00f3n ha empezado este martes 13 de abril y se enmarca dentro del proyecto Integra\u2019ls, que tiene por finalidad integrar laboralmente a las personas con dificultades f\u00edsicas, intelectuales, mentales y sociales. Las clases tendr\u00e1n una duraci\u00f3n total de 21 horas y se har\u00e1n de forma virtual, como medida de prevenci\u00f3n, por la situaci\u00f3n de pandemia actual.<\/p>\n\n\n\n<p>El Rebost Solidari es el servicio que ofrece alimentos b\u00e1sicos, de forma temporal, a las personas que pasan por una situaci\u00f3n de dificultad econ\u00f3mica. Previamente a la formaci\u00f3n la concejala de Bienestar Social, Paqui Cepas; y la t\u00e9cnica de Ocupaci\u00f3n del SOM Bisbal, Arantzazu Longares; han iniciado conversaciones individualizadas con todos los usuarios y usuarias del Rebost Solidari para conocer su situaci\u00f3n y sus perfiles sociales y laborales.<\/p>\n\n\n\n<p>La regidora de Bienestar Social ha explicado que \u201ccon esta formaci\u00f3n gratuita pretendemos ayudar a este colectivo a salir de su situaci\u00f3n de necesidad econ\u00f3mica y de falta de trabajo, dotando a las personas de conocimientos y aptitudes centradas en varios temas: la automotivaci\u00f3n, la resiliencia y la gesti\u00f3n de la incertidumbre, el autoconocimiento y la autoestima, el marketing personal, la entrevista de trabajo -con simulaci\u00f3n- y las habilidades de comunicaci\u00f3n. Esta formaci\u00f3n ir\u00e1 a cargo de la empresa Creixem Formaci\u00f3 y tendr\u00e1 un coste de 2.331\u20ac para el Ayuntamiento de la Bisbal del Pened\u00e8s\u201d. Cepas ha a\u00f1adido que \u201cal tratarse de una formaci\u00f3n enmarcada dentro del proyecto Integra\u2019ls tambi\u00e9n contaremos con una empresa de inserci\u00f3n laboral y con la colaboraci\u00f3n de varias empresas del territorio con el objetivo de facilitarles el proceso de b\u00fasqueda de trabajo e inserci\u00f3n laboral a estas personas\u201d.<\/p>\n","protected":false},"excerpt":{"rendered":"<p>A la fotografia, la Puri i el Toni, voluntaris del Rebost Solidari. La Regidoria de Benestar Social i el Servei d\u2019Ocupaci\u00f3 de la Bisbal del Pened\u00e8s (SOM Bisbal) han engegat &hellip; <a href=\"https:\/\/bisbalpenedes.com\/web\/2021\/04\/13\/comenca-una-formacio-gratuita-per-a-les-persones-usuaries-del-rebost-solidari\/\" class=\"more-link\">Read More<\/a><\/p>\n","protected":false},"author":4,"featured_media":17268,"comment_status":"closed","ping_status":"closed","sticky":false,"template":"","format":"standard","meta":[],"categories":[3851,8,9,17],"tags":[],"_links":{"self":[{"href":"https:\/\/bisbalpenedes.com\/web\/wp-json\/wp\/v2\/posts\/17267"}],"collection":[{"href":"https:\/\/bisbalpenedes.com\/web\/wp-json\/wp\/v2\/posts"}],"about":[{"href":"https:\/\/bisbalpenedes.com\/web\/wp-json\/wp\/v2\/types\/post"}],"author":[{"embeddable":true,"href":"https:\/\/bisbalpenedes.com\/web\/wp-json\/wp\/v2\/users\/4"}],"replies":[{"embeddable":true,"href":"https:\/\/bisbalpenedes.com\/web\/wp-json\/wp\/v2\/comments?post=17267"}],"version-history":[{"count":4,"href":"https:\/\/bisbalpenedes.com\/web\/wp-json\/wp\/v2\/posts\/17267\/revisions"}],"predecessor-version":[{"id":17287,"href":"https:\/\/bisbalpenedes.com\/web\/wp-json\/wp\/v2\/posts\/17267\/revisions\/17287"}],"wp:featuredmedia":[{"embeddable":true,"href":"https:\/\/bisbalpenedes.com\/web\/wp-json\/wp\/v2\/media\/17268"}],"wp:attachment":[{"href":"https:\/\/bisbalpenedes.com\/web\/wp-json\/wp\/v2\/media?parent=17267"}],"wp:term":[{"taxonomy":"category","embeddable":true,"href":"https:\/\/bisbalpenedes.com\/web\/wp-json\/wp\/v2\/categories?post=17267"},{"taxonomy":"post_tag","embeddable":true,"href":"https:\/\/bisbalpenedes.com\/web\/wp-json\/wp\/v2\/tags?post=17267"}],"curies":[{"name":"wp","href":"https:\/\/api.w.org\/{rel}","templated":true}]}}