{"id":17261,"date":"2021-04-13T07:59:31","date_gmt":"2021-04-13T05:59:31","guid":{"rendered":"https:\/\/bisbalpenedes.com\/web\/?p=17261"},"modified":"2021-04-13T10:24:00","modified_gmt":"2021-04-13T08:24:00","slug":"saprova-un-conveni-amb-la-generalitat-per-exposar-la-mostra-tota-pedra-fa-paret-la-pedras-eca-a-catalunya-al-cmc","status":"publish","type":"post","link":"https:\/\/bisbalpenedes.com\/web\/2021\/04\/13\/saprova-un-conveni-amb-la-generalitat-per-exposar-la-mostra-tota-pedra-fa-paret-la-pedras-eca-a-catalunya-al-cmc\/","title":{"rendered":"S\u2019aprova un conveni amb la Generalitat per exposar la mostra \u201cTota pedra fa paret. La pedra seca a Catalunya\u201d al CMC"},"content":{"rendered":"\n<pre class=\"wp-block-preformatted\">Fotografia de la cap\u00e7alera d'una barraca de pedra seca reconstru\u00efda a les matinals de pedra seca. \nFont: Revista El Marge. \nM\u00e9s informaci\u00f3: <a rel=\"noreferrer noopener\" href=\"https:\/\/www.facebook.com\/permalink.php?story_fbid=2485154884863099&amp;id=206439366068007\" target=\"_blank\">https:\/\/www.facebook.com\/permalink.php?story_fbid=2485154884863099&amp;id=206439366068007<\/a><\/pre>\n\n\n\n<p>La Junta de govern d\u2019ahir dilluns 12 d\u2019abril va aprovar, a petici\u00f3 de la regidoria de Cultura, un conveni amb el Departament de Cultura de la Generalitat de Catalunya, mitjan\u00e7ant la Direcci\u00f3 General de Cultura Popular i Associacionisme Cultural (DGCPAC) per acollir, al Centre Municipal de Cultura (CMC), l\u2019exposici\u00f3 \u201cTota pedra fa paret. La pedra seca a Catalunya\u201d.<\/p>\n\n\n\n<p>El Centre Municipal de Cultura acollir\u00e0 aquesta mostra, creada per la Generalitat de Catalunya i l\u2019Associaci\u00f3 per la pedra seca i l\u2019arquitectura nacional, del 16 d\u2019abril al 21 de maig de 2021, en el marc dels actes de Sant Jordi i amb motiu del reconeixement de la t\u00e8cnica de pedra seca com a Patrimoni Cultural Immaterial per part de la UNESCO el novembre de 2018. Es tracta d\u2019una exposici\u00f3 eminentment fotogr\u00e0fica que pret\u00e9n oferir una panor\u00e0mica \u00e0mplia sobre aquest llegat, posant \u00e8mfasi en les variants tipol\u00f2giques m\u00e9s habituals i en la diversitat territorial.<\/p>\n\n\n\n<hr class=\"wp-block-separator is-style-wide\"\/>\n\n\n\n<p><strong>CASTELLANO<\/strong> | La Junta de gobierno de ayer lunes 12 de abril aprob\u00f3, a petici\u00f3n de la concejal\u00eda de Cultura, un convenio con el Departamento de Cultura de la Generalitat de Catalunya, mediante la Direcci\u00f3n General de Cultura Popular y Asociacionismo Cultural (DGCPAC) para acoger, en el Centre Municipal de Cultura (CMC), la exposici\u00f3n \u201cTota pedra fa paret. La pedra seca a Catalunya\u201d.<\/p>\n\n\n\n<p>El Centre Municipal de Cultura acoger\u00e1 esta muestra, creada por la Generalitat de Catalunya y la Associaci\u00f3 per la pedra seca i l\u2019arquitectura nacional, del 16 de abril al 21 de mayo de 2021, en el marco de los actos de Sant Jordi y con motivo del reconocimIento de la t\u00e9cnica de piedra seca como Patrimonio Cultural Inmaterial por parte de la UNESCO en noviembre de 2018. SE trata de una exposici\u00f3n eminentemente fotogr\u00e1fica que pretende ofrecer una panor\u00e1mica amplia sobre este legado, poniendo \u00e9nfasis en las variantes tipol\u00f3gicas m\u00e1s habituales y en la diversidad territorial.<\/p>\n\n\n\n<p><\/p>\n\n\n\n<p><\/p>\n","protected":false},"excerpt":{"rendered":"<p>Fotografia de la cap\u00e7alera d&#8217;una barraca de pedra seca reconstru\u00efda a les matinals de pedra seca. Font: Revista El Marge. M\u00e9s informaci\u00f3: https:\/\/www.facebook.com\/permalink.php?story_fbid=2485154884863099&amp;id=206439366068007 La Junta de govern d\u2019ahir dilluns 12 &hellip; <a href=\"https:\/\/bisbalpenedes.com\/web\/2021\/04\/13\/saprova-un-conveni-amb-la-generalitat-per-exposar-la-mostra-tota-pedra-fa-paret-la-pedras-eca-a-catalunya-al-cmc\/\" class=\"more-link\">Read More<\/a><\/p>\n","protected":false},"author":4,"featured_media":17263,"comment_status":"closed","ping_status":"closed","sticky":false,"template":"","format":"standard","meta":[],"categories":[13,3085,8],"tags":[226,225,86,393,352],"_links":{"self":[{"href":"https:\/\/bisbalpenedes.com\/web\/wp-json\/wp\/v2\/posts\/17261"}],"collection":[{"href":"https:\/\/bisbalpenedes.com\/web\/wp-json\/wp\/v2\/posts"}],"about":[{"href":"https:\/\/bisbalpenedes.com\/web\/wp-json\/wp\/v2\/types\/post"}],"author":[{"embeddable":true,"href":"https:\/\/bisbalpenedes.com\/web\/wp-json\/wp\/v2\/users\/4"}],"replies":[{"embeddable":true,"href":"https:\/\/bisbalpenedes.com\/web\/wp-json\/wp\/v2\/comments?post=17261"}],"version-history":[{"count":5,"href":"https:\/\/bisbalpenedes.com\/web\/wp-json\/wp\/v2\/posts\/17261\/revisions"}],"predecessor-version":[{"id":17275,"href":"https:\/\/bisbalpenedes.com\/web\/wp-json\/wp\/v2\/posts\/17261\/revisions\/17275"}],"wp:featuredmedia":[{"embeddable":true,"href":"https:\/\/bisbalpenedes.com\/web\/wp-json\/wp\/v2\/media\/17263"}],"wp:attachment":[{"href":"https:\/\/bisbalpenedes.com\/web\/wp-json\/wp\/v2\/media?parent=17261"}],"wp:term":[{"taxonomy":"category","embeddable":true,"href":"https:\/\/bisbalpenedes.com\/web\/wp-json\/wp\/v2\/categories?post=17261"},{"taxonomy":"post_tag","embeddable":true,"href":"https:\/\/bisbalpenedes.com\/web\/wp-json\/wp\/v2\/tags?post=17261"}],"curies":[{"name":"wp","href":"https:\/\/api.w.org\/{rel}","templated":true}]}}