{"id":17257,"date":"2021-04-13T07:55:23","date_gmt":"2021-04-13T05:55:23","guid":{"rendered":"https:\/\/bisbalpenedes.com\/web\/?p=17257"},"modified":"2021-04-13T07:59:47","modified_gmt":"2021-04-13T05:59:47","slug":"sinicia-un-expedient-per-a-un-contacte-menor-de-compra-de-maquinaria-i-electrodomestics","status":"publish","type":"post","link":"https:\/\/bisbalpenedes.com\/web\/2021\/04\/13\/sinicia-un-expedient-per-a-un-contacte-menor-de-compra-de-maquinaria-i-electrodomestics\/","title":{"rendered":"S\u2019inicia un expedient per a un contacte menor de compra de maquin\u00e0ria i electrodom\u00e8stics"},"content":{"rendered":"\n<p>La Junta de govern del 12 d\u2019abril ha iniciat un expedient per a un&nbsp; contracte menor de compra de maquin\u00e0ria i electrodom\u00e8stics per un total de 9.142,76\u20ac a petici\u00f3 de les regidories de Barris i Benestar Social. En concret, per adquirir:<\/p>\n\n\n\n<p>Maquin\u00e0ria per al bar i la botiga del local social de Can Gordei:<\/p>\n\n\n\n<ul><li>Una fregidora el\u00e8ctrica de sobretaula<\/li><li>Un renta gots frontal industrial<\/li><li>Una vitrina refrigeradora per al bar<\/li><li>Una vitrina per a la botiga<\/li><\/ul>\n\n\n\n<p>Electrodom\u00e8stics per a les cuines dels dos habitatges socials ubicats a les antigues cases dels mestres:<\/p>\n\n\n\n<ul><li>Dues rentadores<\/li><li>Dos frigor\u00edfics<\/li><li>Dos microones<\/li><\/ul>\n\n\n\n<p>Maquin\u00e0ria per al bar del local social de La Miralba:<\/p>\n\n\n\n<ul><li>Un refredador d\u2019ampolles en inox<\/li><li>Un renta gots frontal industrial<\/li><li>Un moble cafeter en inox<\/li><li>Dos mobles contra taulell en inox<\/li><li>Un descalcificador manual<\/li><li>Un microones semi industrial<\/li><li>Una fregidora el\u00e8ctrica de sobretaula<\/li><li>Una sandvitxera el\u00e8ctrica<\/li><li>Un congelador vertical amb calaixos<\/li><li>Una TV de plasma<\/li><\/ul>\n\n\n\n<p>La Junta de govern del 22 de febrer va declarar desert el lot que corresponia al subministrament de maquin\u00e0ria i electrodom\u00e8stics, ja que durant el termini establert no es van presentar propostes. Per aquest motiu l\u2019Ajuntament de La Bisbal del Pened\u00e8s ha iniciat aquest expedient de compra convidant a tres empreses a qu\u00e8 presentin les seves ofertes. Una vegada presentades, els serveis t\u00e8cnics les valoraran i prepararan l\u2019adjudicaci\u00f3.<\/p>\n\n\n\n<hr class=\"wp-block-separator is-style-wide\"\/>\n\n\n\n<p><strong>CASTELLANO<\/strong> |&nbsp;La Junta de gobierno del 12 de abril ha iniciado un expediente para un contrato menor de compra de maquinaria y electrodom\u00e9sticos por un total de 9.142,76\u20ac a petici\u00f3n de las concejal\u00edas de Barrios y Bienestar Social. En concreto, para adquirir:<\/p>\n\n\n\n<p>Maquinaria para el bar y la tienda del local social de Can Gordei:<\/p>\n\n\n\n<ul><li>Una freidora el\u00e9ctrica de sobremesa<\/li><li>Uno lavavasos frontal industrial<\/li><li>Una vitrina refrigeradora para el bar<\/li><li>Una vitrina para la tienda<\/li><\/ul>\n\n\n\n<p>Electrodom\u00e9sticos para las cocinas de las dos viviendas sociales ubicadas en las antiguas casas de los maestros:<\/p>\n\n\n\n<ul><li>Dos lavadoras<\/li><li>Dos frigor\u00edficos<\/li><li>Dos microondas<\/li><\/ul>\n\n\n\n<p>Maquinaria para el bar del local social de La Miralba:<\/p>\n\n\n\n<ul><li>Un enfriador de botellas en inox<\/li><li>Uno lavavasos frontal industrial<\/li><li>Un mueble cafetero en inox<\/li><li>Dos muebles contramostrador en inox<\/li><li>Un descalcificador manual<\/li><li>Uno microondas semiindustrial<\/li><li>Una freidora el\u00e9ctrica de sobremesa<\/li><li>Una sandwichera el\u00e9ctrica<\/li><li>Un congelador vertical con cajones<\/li><li>Una TV de plasma<\/li><\/ul>\n\n\n\n<p>La Junta de gobierno del 22 de febrero declar\u00f3 desierto el lote que correspond\u00eda al suministro de maquinaria y electrodom\u00e9sticos, puesto que durante el plazo establecido no se presentaron propuestas. Por este motivo el Ayuntamiento de La Bisbal del Pened\u00e8s ha iniciado este expediente de compra invitando a tres empresas a que presenten sus ofertas. Una vez presentadas, los servicios t\u00e9cnicos las valorar\u00e1n y preparar\u00e1n la adjudicaci\u00f3n.<\/p>\n","protected":false},"excerpt":{"rendered":"<p>La Junta de govern del 12 d\u2019abril ha iniciat un expedient per a un&nbsp; contracte menor de compra de maquin\u00e0ria i electrodom\u00e8stics per un total de 9.142,76\u20ac a petici\u00f3 de &hellip; <a href=\"https:\/\/bisbalpenedes.com\/web\/2021\/04\/13\/sinicia-un-expedient-per-a-un-contacte-menor-de-compra-de-maquinaria-i-electrodomestics\/\" class=\"more-link\">Read More<\/a><\/p>\n","protected":false},"author":4,"featured_media":8940,"comment_status":"closed","ping_status":"closed","sticky":false,"template":"","format":"standard","meta":[],"categories":[4287,3851,3085,8],"tags":[198,384,1185,246,4273],"_links":{"self":[{"href":"https:\/\/bisbalpenedes.com\/web\/wp-json\/wp\/v2\/posts\/17257"}],"collection":[{"href":"https:\/\/bisbalpenedes.com\/web\/wp-json\/wp\/v2\/posts"}],"about":[{"href":"https:\/\/bisbalpenedes.com\/web\/wp-json\/wp\/v2\/types\/post"}],"author":[{"embeddable":true,"href":"https:\/\/bisbalpenedes.com\/web\/wp-json\/wp\/v2\/users\/4"}],"replies":[{"embeddable":true,"href":"https:\/\/bisbalpenedes.com\/web\/wp-json\/wp\/v2\/comments?post=17257"}],"version-history":[{"count":2,"href":"https:\/\/bisbalpenedes.com\/web\/wp-json\/wp\/v2\/posts\/17257\/revisions"}],"predecessor-version":[{"id":17260,"href":"https:\/\/bisbalpenedes.com\/web\/wp-json\/wp\/v2\/posts\/17257\/revisions\/17260"}],"wp:featuredmedia":[{"embeddable":true,"href":"https:\/\/bisbalpenedes.com\/web\/wp-json\/wp\/v2\/media\/8940"}],"wp:attachment":[{"href":"https:\/\/bisbalpenedes.com\/web\/wp-json\/wp\/v2\/media?parent=17257"}],"wp:term":[{"taxonomy":"category","embeddable":true,"href":"https:\/\/bisbalpenedes.com\/web\/wp-json\/wp\/v2\/categories?post=17257"},{"taxonomy":"post_tag","embeddable":true,"href":"https:\/\/bisbalpenedes.com\/web\/wp-json\/wp\/v2\/tags?post=17257"}],"curies":[{"name":"wp","href":"https:\/\/api.w.org\/{rel}","templated":true}]}}